{"id":1368,"date":"2025-10-07T16:37:58","date_gmt":"2025-10-07T16:37:58","guid":{"rendered":"https:\/\/interaccioninformativa.mx\/?p=1368"},"modified":"2025-10-07T16:37:58","modified_gmt":"2025-10-07T16:37:58","slug":"encuentran-sin-vida-al-sacerdote-bertoldo-pantaleon-estrada-desaparecido-desde-hace-dos-dias-en-guerrero-mexico-con-heridas-de-bala-en-su-cuerpo-segun-confirmo-la-diocesis-de-chilpancingo-chilapa","status":"publish","type":"post","link":"https:\/\/interaccioninformativa.mx\/index.php\/2025\/10\/07\/encuentran-sin-vida-al-sacerdote-bertoldo-pantaleon-estrada-desaparecido-desde-hace-dos-dias-en-guerrero-mexico-con-heridas-de-bala-en-su-cuerpo-segun-confirmo-la-diocesis-de-chilpancingo-chilapa\/","title":{"rendered":"Encuentran sin vida al sacerdote Bertoldo Pantale\u00f3n Estrada, desaparecido desde hace dos d\u00edas en Guerrero, M\u00e9xico, con heridas de bala en su cuerpo, seg\u00fan confirm\u00f3 la Di\u00f3cesis de Chilpancingo-Chilapa."},"content":{"rendered":"\n<figure class=\"wp-block-image size-large\"><img loading=\"lazy\" decoding=\"async\" width=\"1024\" height=\"448\" src=\"https:\/\/interaccioninformativa.mx\/wp-content\/uploads\/2025\/10\/74003735_1004-1024x448.webp\" alt=\"\" class=\"wp-image-1369\" srcset=\"https:\/\/interaccioninformativa.mx\/wp-content\/uploads\/2025\/10\/74003735_1004-1024x448.webp 1024w, https:\/\/interaccioninformativa.mx\/wp-content\/uploads\/2025\/10\/74003735_1004-300x131.webp 300w, https:\/\/interaccioninformativa.mx\/wp-content\/uploads\/2025\/10\/74003735_1004-768x336.webp 768w, https:\/\/interaccioninformativa.mx\/wp-content\/uploads\/2025\/10\/74003735_1004.webp 1200w\" sizes=\"auto, (max-width: 1024px) 100vw, 1024px\" \/><\/figure>\n\n\n\n<p>Desde 2018, la Iglesia cat\u00f3lica en M\u00e9xico ha perdido al menos una docena de sacerdotes en ataques vinculados a la violencia del crimen organizado, de acuerdo con recuentos period\u00edsticos. El 20 de octubre de 2024, el sacerdote ind\u00edgena y activista Marcelo P\u00e9rez fue baleado en Chiapas. Otro caso que gener\u00f3 repudio global fue el doble asesinato de los jesuitas Javier Campos Morales y Joaqu\u00edn C\u00e9sar Mora Salazar, ultimados en su templo de Chihuahua el 20 de junio de 2022.<\/p>\n\n\n\n<p>M\u00e9xico arrastra desde hace casi dos d\u00e9cadas una escalada de violencia por c\u00e1rteles de la droga, con alrededor de 30.000 homicidios anuales. En medio de rivalidades sangrientas, secuestros, robos y extorsiones, algunos cl\u00e9rigos en Guerrero han mediado para buscar treguas entre facciones.<\/p>\n","protected":false},"excerpt":{"rendered":"<div class=\"mh-excerpt\"><p>Desde 2018, la Iglesia cat\u00f3lica en M\u00e9xico ha perdido al menos una docena de sacerdotes en ataques vinculados a la violencia del crimen organizado, de <a class=\"mh-excerpt-more\" href=\"https:\/\/interaccioninformativa.mx\/index.php\/2025\/10\/07\/encuentran-sin-vida-al-sacerdote-bertoldo-pantaleon-estrada-desaparecido-desde-hace-dos-dias-en-guerrero-mexico-con-heridas-de-bala-en-su-cuerpo-segun-confirmo-la-diocesis-de-chilpancingo-chilapa\/\" title=\"Encuentran sin vida al sacerdote Bertoldo Pantale\u00f3n Estrada, desaparecido desde hace dos d\u00edas en Guerrero, M\u00e9xico, con heridas de bala en su cuerpo, seg\u00fan confirm\u00f3 la Di\u00f3cesis de Chilpancingo-Chilapa.\">[&#8230;]<\/a><\/p>\n<\/div>","protected":false},"author":1,"featured_media":1369,"comment_status":"open","ping_status":"closed","sticky":false,"template":"","format":"standard","meta":{"footnotes":""},"categories":[1],"tags":[],"class_list":["post-1368","post","type-post","status-publish","format-standard","has-post-thumbnail","hentry","category-noticias"],"_links":{"self":[{"href":"https:\/\/interaccioninformativa.mx\/index.php\/wp-json\/wp\/v2\/posts\/1368","targetHints":{"allow":["GET"]}}],"collection":[{"href":"https:\/\/interaccioninformativa.mx\/index.php\/wp-json\/wp\/v2\/posts"}],"about":[{"href":"https:\/\/interaccioninformativa.mx\/index.php\/wp-json\/wp\/v2\/types\/post"}],"author":[{"embeddable":true,"href":"https:\/\/interaccioninformativa.mx\/index.php\/wp-json\/wp\/v2\/users\/1"}],"replies":[{"embeddable":true,"href":"https:\/\/interaccioninformativa.mx\/index.php\/wp-json\/wp\/v2\/comments?post=1368"}],"version-history":[{"count":1,"href":"https:\/\/interaccioninformativa.mx\/index.php\/wp-json\/wp\/v2\/posts\/1368\/revisions"}],"predecessor-version":[{"id":1370,"href":"https:\/\/interaccioninformativa.mx\/index.php\/wp-json\/wp\/v2\/posts\/1368\/revisions\/1370"}],"wp:featuredmedia":[{"embeddable":true,"href":"https:\/\/interaccioninformativa.mx\/index.php\/wp-json\/wp\/v2\/media\/1369"}],"wp:attachment":[{"href":"https:\/\/interaccioninformativa.mx\/index.php\/wp-json\/wp\/v2\/media?parent=1368"}],"wp:term":[{"taxonomy":"category","embeddable":true,"href":"https:\/\/interaccioninformativa.mx\/index.php\/wp-json\/wp\/v2\/categories?post=1368"},{"taxonomy":"post_tag","embeddable":true,"href":"https:\/\/interaccioninformativa.mx\/index.php\/wp-json\/wp\/v2\/tags?post=1368"}],"curies":[{"name":"wp","href":"https:\/\/api.w.org\/{rel}","templated":true}]}}