{"id":1387,"date":"2025-10-09T16:52:12","date_gmt":"2025-10-09T16:52:12","guid":{"rendered":"https:\/\/interaccioninformativa.mx\/?p=1387"},"modified":"2025-10-09T16:52:12","modified_gmt":"2025-10-09T16:52:12","slug":"hernan-bermudez-requena-logra-suspension-definitiva-para-eludir-orden-de-aprehension-por-delitos-de-delincuencia-organizada","status":"publish","type":"post","link":"https:\/\/interaccioninformativa.mx\/index.php\/2025\/10\/09\/hernan-bermudez-requena-logra-suspension-definitiva-para-eludir-orden-de-aprehension-por-delitos-de-delincuencia-organizada\/","title":{"rendered":"Hern\u00e1n Berm\u00fadez Requena logra suspensi\u00f3n definitiva para eludir orden de aprehensi\u00f3n por delitos de delincuencia organizada"},"content":{"rendered":"\n<figure class=\"wp-block-image size-full\"><img loading=\"lazy\" decoding=\"async\" width=\"992\" height=\"658\" src=\"https:\/\/interaccioninformativa.mx\/wp-content\/uploads\/2025\/10\/BLTJXRLCKNCADNXA6AU252OE4M.avif\" alt=\"\" class=\"wp-image-1388\" srcset=\"https:\/\/interaccioninformativa.mx\/wp-content\/uploads\/2025\/10\/BLTJXRLCKNCADNXA6AU252OE4M.avif 992w, https:\/\/interaccioninformativa.mx\/wp-content\/uploads\/2025\/10\/BLTJXRLCKNCADNXA6AU252OE4M-300x199.avif 300w, https:\/\/interaccioninformativa.mx\/wp-content\/uploads\/2025\/10\/BLTJXRLCKNCADNXA6AU252OE4M-768x509.avif 768w\" sizes=\"auto, (max-width: 992px) 100vw, 992px\" \/><\/figure>\n\n\n\n<p>Un juez federal otorg\u00f3 la suspensi\u00f3n definitiva a Hern\u00e1n Berm\u00fadez Requena, se\u00f1alado como cabecilla de \u00abLa Barredora\u00bb, lo que frena temporalmente su detenci\u00f3n por cargos de delincuencia organizada y secuestro agravado. La medida surge tras la solicitud de amparo presentada por el exsecretario de Seguridad P\u00fablica de Tabasco para bloquear su segunda orden de captura, iniciada en septiembre. El recurso fue analizado en el Juzgado 4 de Materia Penal del Estado de M\u00e9xico, donde el magistrado Daniel Marcelino Ni\u00f1o Jim\u00e9nez resolvi\u00f3 el 7 de octubre conceder a Berm\u00fadez Requena esta protecci\u00f3n frente a la Fiscal\u00eda General de la Rep\u00fablica (FGR). Seg\u00fan el expediente al que Infobae M\u00e9xico accedi\u00f3, resta pendiente la resoluci\u00f3n de las impugnaciones contra la FGR, por lo que la decisi\u00f3n definitiva se espera en los d\u00edas venideros.<\/p>\n","protected":false},"excerpt":{"rendered":"<div class=\"mh-excerpt\"><p>Un juez federal otorg\u00f3 la suspensi\u00f3n definitiva a Hern\u00e1n Berm\u00fadez Requena, se\u00f1alado como cabecilla de \u00abLa Barredora\u00bb, lo que frena temporalmente su detenci\u00f3n por cargos <a class=\"mh-excerpt-more\" href=\"https:\/\/interaccioninformativa.mx\/index.php\/2025\/10\/09\/hernan-bermudez-requena-logra-suspension-definitiva-para-eludir-orden-de-aprehension-por-delitos-de-delincuencia-organizada\/\" title=\"Hern\u00e1n Berm\u00fadez Requena logra suspensi\u00f3n definitiva para eludir orden de aprehensi\u00f3n por delitos de delincuencia organizada\">[&#8230;]<\/a><\/p>\n<\/div>","protected":false},"author":1,"featured_media":1388,"comment_status":"open","ping_status":"closed","sticky":false,"template":"","format":"standard","meta":{"footnotes":""},"categories":[1],"tags":[],"class_list":["post-1387","post","type-post","status-publish","format-standard","has-post-thumbnail","hentry","category-noticias"],"_links":{"self":[{"href":"https:\/\/interaccioninformativa.mx\/index.php\/wp-json\/wp\/v2\/posts\/1387","targetHints":{"allow":["GET"]}}],"collection":[{"href":"https:\/\/interaccioninformativa.mx\/index.php\/wp-json\/wp\/v2\/posts"}],"about":[{"href":"https:\/\/interaccioninformativa.mx\/index.php\/wp-json\/wp\/v2\/types\/post"}],"author":[{"embeddable":true,"href":"https:\/\/interaccioninformativa.mx\/index.php\/wp-json\/wp\/v2\/users\/1"}],"replies":[{"embeddable":true,"href":"https:\/\/interaccioninformativa.mx\/index.php\/wp-json\/wp\/v2\/comments?post=1387"}],"version-history":[{"count":1,"href":"https:\/\/interaccioninformativa.mx\/index.php\/wp-json\/wp\/v2\/posts\/1387\/revisions"}],"predecessor-version":[{"id":1389,"href":"https:\/\/interaccioninformativa.mx\/index.php\/wp-json\/wp\/v2\/posts\/1387\/revisions\/1389"}],"wp:featuredmedia":[{"embeddable":true,"href":"https:\/\/interaccioninformativa.mx\/index.php\/wp-json\/wp\/v2\/media\/1388"}],"wp:attachment":[{"href":"https:\/\/interaccioninformativa.mx\/index.php\/wp-json\/wp\/v2\/media?parent=1387"}],"wp:term":[{"taxonomy":"category","embeddable":true,"href":"https:\/\/interaccioninformativa.mx\/index.php\/wp-json\/wp\/v2\/categories?post=1387"},{"taxonomy":"post_tag","embeddable":true,"href":"https:\/\/interaccioninformativa.mx\/index.php\/wp-json\/wp\/v2\/tags?post=1387"}],"curies":[{"name":"wp","href":"https:\/\/api.w.org\/{rel}","templated":true}]}}