{"id":1431,"date":"2025-10-14T16:25:41","date_gmt":"2025-10-14T16:25:41","guid":{"rendered":"https:\/\/interaccioninformativa.mx\/?p=1431"},"modified":"2025-10-14T16:25:41","modified_gmt":"2025-10-14T16:25:41","slug":"la-fiscalia-de-la-cdmx-confirma-el-deceso-del-abogado-david-cohen-herido-de-bala-en-la-ciudad-judicial","status":"publish","type":"post","link":"https:\/\/interaccioninformativa.mx\/index.php\/2025\/10\/14\/la-fiscalia-de-la-cdmx-confirma-el-deceso-del-abogado-david-cohen-herido-de-bala-en-la-ciudad-judicial\/","title":{"rendered":"La Fiscal\u00eda de la CDMX confirma el deceso del abogado David Cohen, herido de bala en la Ciudad Judicial."},"content":{"rendered":"\n<figure class=\"wp-block-image size-large\"><img loading=\"lazy\" decoding=\"async\" width=\"1024\" height=\"684\" src=\"https:\/\/interaccioninformativa.mx\/wp-content\/uploads\/2025\/10\/fallece-el-abogado-david-cohen-baleado-en-la-ciudad-judicial_4c1d5e6c-d0f1-4c9b-9f73-6a0021027a00_medialjnimgndimagefullsize-1024x684.webp\" alt=\"\" class=\"wp-image-1432\" srcset=\"https:\/\/interaccioninformativa.mx\/wp-content\/uploads\/2025\/10\/fallece-el-abogado-david-cohen-baleado-en-la-ciudad-judicial_4c1d5e6c-d0f1-4c9b-9f73-6a0021027a00_medialjnimgndimagefullsize-1024x684.webp 1024w, https:\/\/interaccioninformativa.mx\/wp-content\/uploads\/2025\/10\/fallece-el-abogado-david-cohen-baleado-en-la-ciudad-judicial_4c1d5e6c-d0f1-4c9b-9f73-6a0021027a00_medialjnimgndimagefullsize-300x201.webp 300w, https:\/\/interaccioninformativa.mx\/wp-content\/uploads\/2025\/10\/fallece-el-abogado-david-cohen-baleado-en-la-ciudad-judicial_4c1d5e6c-d0f1-4c9b-9f73-6a0021027a00_medialjnimgndimagefullsize-768x513.webp 768w, https:\/\/interaccioninformativa.mx\/wp-content\/uploads\/2025\/10\/fallece-el-abogado-david-cohen-baleado-en-la-ciudad-judicial_4c1d5e6c-d0f1-4c9b-9f73-6a0021027a00_medialjnimgndimagefullsize.webp 1200w\" sizes=\"auto, (max-width: 1024px) 100vw, 1024px\" \/><\/figure>\n\n\n\n<p>El penalista David Cohen, herido de bala durante la tarde del lunes en la Ciudad Judicial, falleci\u00f3 en el interior del Hospital \u00c1ngeles.<\/p>\n\n\n\n<p>Amigos cercanos y figuras pol\u00edticas, como el senador Manuel Velasco, anunciaron su muerte a trav\u00e9s de redes sociales en la ma\u00f1ana de este martes.<\/p>\n\n\n\n<p>El deceso del abogado se registr\u00f3 a la medianoche del lunes, despu\u00e9s de permanecer varias horas en estado cr\u00edtico.<\/p>\n\n\n\n<p>La Fiscal\u00eda General de Justicia de la Ciudad de M\u00e9xico (FGJCDMX) ratific\u00f3 el fallecimiento en los primeros instantes de este martes 14 de octubre.<\/p>\n\n\n\n<p>Seg\u00fan los reportes m\u00e9dicos, el hombre de 48 a\u00f1os sucumbi\u00f3 a las heridas causadas por impactos de arma de fuego, mientras era atendido en una cl\u00ednica particular de la capital mexicana.<\/p>\n","protected":false},"excerpt":{"rendered":"<div class=\"mh-excerpt\"><p>El penalista David Cohen, herido de bala durante la tarde del lunes en la Ciudad Judicial, falleci\u00f3 en el interior del Hospital \u00c1ngeles. Amigos cercanos <a class=\"mh-excerpt-more\" href=\"https:\/\/interaccioninformativa.mx\/index.php\/2025\/10\/14\/la-fiscalia-de-la-cdmx-confirma-el-deceso-del-abogado-david-cohen-herido-de-bala-en-la-ciudad-judicial\/\" title=\"La Fiscal\u00eda de la CDMX confirma el deceso del abogado David Cohen, herido de bala en la Ciudad Judicial.\">[&#8230;]<\/a><\/p>\n<\/div>","protected":false},"author":1,"featured_media":1432,"comment_status":"open","ping_status":"closed","sticky":false,"template":"","format":"standard","meta":{"footnotes":""},"categories":[1],"tags":[],"class_list":["post-1431","post","type-post","status-publish","format-standard","has-post-thumbnail","hentry","category-noticias"],"_links":{"self":[{"href":"https:\/\/interaccioninformativa.mx\/index.php\/wp-json\/wp\/v2\/posts\/1431","targetHints":{"allow":["GET"]}}],"collection":[{"href":"https:\/\/interaccioninformativa.mx\/index.php\/wp-json\/wp\/v2\/posts"}],"about":[{"href":"https:\/\/interaccioninformativa.mx\/index.php\/wp-json\/wp\/v2\/types\/post"}],"author":[{"embeddable":true,"href":"https:\/\/interaccioninformativa.mx\/index.php\/wp-json\/wp\/v2\/users\/1"}],"replies":[{"embeddable":true,"href":"https:\/\/interaccioninformativa.mx\/index.php\/wp-json\/wp\/v2\/comments?post=1431"}],"version-history":[{"count":1,"href":"https:\/\/interaccioninformativa.mx\/index.php\/wp-json\/wp\/v2\/posts\/1431\/revisions"}],"predecessor-version":[{"id":1433,"href":"https:\/\/interaccioninformativa.mx\/index.php\/wp-json\/wp\/v2\/posts\/1431\/revisions\/1433"}],"wp:featuredmedia":[{"embeddable":true,"href":"https:\/\/interaccioninformativa.mx\/index.php\/wp-json\/wp\/v2\/media\/1432"}],"wp:attachment":[{"href":"https:\/\/interaccioninformativa.mx\/index.php\/wp-json\/wp\/v2\/media?parent=1431"}],"wp:term":[{"taxonomy":"category","embeddable":true,"href":"https:\/\/interaccioninformativa.mx\/index.php\/wp-json\/wp\/v2\/categories?post=1431"},{"taxonomy":"post_tag","embeddable":true,"href":"https:\/\/interaccioninformativa.mx\/index.php\/wp-json\/wp\/v2\/tags?post=1431"}],"curies":[{"name":"wp","href":"https:\/\/api.w.org\/{rel}","templated":true}]}}