{"id":1434,"date":"2025-10-14T16:28:33","date_gmt":"2025-10-14T16:28:33","guid":{"rendered":"https:\/\/interaccioninformativa.mx\/?p=1434"},"modified":"2025-10-14T16:28:33","modified_gmt":"2025-10-14T16:28:33","slug":"huelga-nacional-en-el-sat-este-dia-relacion-de-sedes-sin-atencion-en-la-ciudad-de-mexico","status":"publish","type":"post","link":"https:\/\/interaccioninformativa.mx\/index.php\/2025\/10\/14\/huelga-nacional-en-el-sat-este-dia-relacion-de-sedes-sin-atencion-en-la-ciudad-de-mexico\/","title":{"rendered":"Huelga Nacional en el SAT Este D\u00eda: Relaci\u00f3n de Sedes sin Atenci\u00f3n en la Ciudad de M\u00e9xico"},"content":{"rendered":"\n<figure class=\"wp-block-image size-large\"><img loading=\"lazy\" decoding=\"async\" width=\"1024\" height=\"576\" src=\"https:\/\/interaccioninformativa.mx\/wp-content\/uploads\/2025\/10\/paro-nacional-hoy-oficinas-cerradas-cdmx-1024x576.webp\" alt=\"\" class=\"wp-image-1435\" srcset=\"https:\/\/interaccioninformativa.mx\/wp-content\/uploads\/2025\/10\/paro-nacional-hoy-oficinas-cerradas-cdmx-1024x576.webp 1024w, https:\/\/interaccioninformativa.mx\/wp-content\/uploads\/2025\/10\/paro-nacional-hoy-oficinas-cerradas-cdmx-300x169.webp 300w, https:\/\/interaccioninformativa.mx\/wp-content\/uploads\/2025\/10\/paro-nacional-hoy-oficinas-cerradas-cdmx-768x432.webp 768w, https:\/\/interaccioninformativa.mx\/wp-content\/uploads\/2025\/10\/paro-nacional-hoy-oficinas-cerradas-cdmx-678x381.webp 678w, https:\/\/interaccioninformativa.mx\/wp-content\/uploads\/2025\/10\/paro-nacional-hoy-oficinas-cerradas-cdmx.webp 1440w\" sizes=\"auto, (max-width: 1024px) 100vw, 1024px\" \/><\/figure>\n\n\n\n<p>Este martes 14 de octubre de 2025, se registra un paro nacional en el Servicio de Administraci\u00f3n Tributaria (SAT). A continuaci\u00f3n, el listado de oficinas sin atenci\u00f3n en la Ciudad de M\u00e9xico (CDMX).<\/p>\n\n\n\n<p>Los empleados del SAT ejecutan una huelga nacional en formato \u201cBrazos Ca\u00eddos\u201d, como medida de protesta contra:<\/p>\n\n\n\n<p>La omisi\u00f3n en el ajuste salarial. Condiciones laborales precarias. Disparidades entre el personal sindicalizado y de confianza. Insuficiente asistencia a mujeres embarazadas o en fase de lactancia.<\/p>\n\n\n\n<p>Esta modalidad de protesta implica que los trabajadores se mantengan en sus puestos laborales, ataviados con ropa de tonos rojo o negro.<\/p>\n\n\n\n<p>Los involucrados demandan la extensi\u00f3n del alza del 12% aplicada al salario m\u00ednimo general \u2014vigente desde el 1 de enero de 2025\u2014 a sus propios emolumentos.<\/p>\n","protected":false},"excerpt":{"rendered":"<div class=\"mh-excerpt\"><p>Este martes 14 de octubre de 2025, se registra un paro nacional en el Servicio de Administraci\u00f3n Tributaria (SAT). A continuaci\u00f3n, el listado de oficinas <a class=\"mh-excerpt-more\" href=\"https:\/\/interaccioninformativa.mx\/index.php\/2025\/10\/14\/huelga-nacional-en-el-sat-este-dia-relacion-de-sedes-sin-atencion-en-la-ciudad-de-mexico\/\" title=\"Huelga Nacional en el SAT Este D\u00eda: Relaci\u00f3n de Sedes sin Atenci\u00f3n en la Ciudad de M\u00e9xico\">[&#8230;]<\/a><\/p>\n<\/div>","protected":false},"author":1,"featured_media":1435,"comment_status":"open","ping_status":"closed","sticky":false,"template":"","format":"standard","meta":{"footnotes":""},"categories":[1],"tags":[],"class_list":["post-1434","post","type-post","status-publish","format-standard","has-post-thumbnail","hentry","category-noticias"],"_links":{"self":[{"href":"https:\/\/interaccioninformativa.mx\/index.php\/wp-json\/wp\/v2\/posts\/1434","targetHints":{"allow":["GET"]}}],"collection":[{"href":"https:\/\/interaccioninformativa.mx\/index.php\/wp-json\/wp\/v2\/posts"}],"about":[{"href":"https:\/\/interaccioninformativa.mx\/index.php\/wp-json\/wp\/v2\/types\/post"}],"author":[{"embeddable":true,"href":"https:\/\/interaccioninformativa.mx\/index.php\/wp-json\/wp\/v2\/users\/1"}],"replies":[{"embeddable":true,"href":"https:\/\/interaccioninformativa.mx\/index.php\/wp-json\/wp\/v2\/comments?post=1434"}],"version-history":[{"count":1,"href":"https:\/\/interaccioninformativa.mx\/index.php\/wp-json\/wp\/v2\/posts\/1434\/revisions"}],"predecessor-version":[{"id":1436,"href":"https:\/\/interaccioninformativa.mx\/index.php\/wp-json\/wp\/v2\/posts\/1434\/revisions\/1436"}],"wp:featuredmedia":[{"embeddable":true,"href":"https:\/\/interaccioninformativa.mx\/index.php\/wp-json\/wp\/v2\/media\/1435"}],"wp:attachment":[{"href":"https:\/\/interaccioninformativa.mx\/index.php\/wp-json\/wp\/v2\/media?parent=1434"}],"wp:term":[{"taxonomy":"category","embeddable":true,"href":"https:\/\/interaccioninformativa.mx\/index.php\/wp-json\/wp\/v2\/categories?post=1434"},{"taxonomy":"post_tag","embeddable":true,"href":"https:\/\/interaccioninformativa.mx\/index.php\/wp-json\/wp\/v2\/tags?post=1434"}],"curies":[{"name":"wp","href":"https:\/\/api.w.org\/{rel}","templated":true}]}}