{"id":1437,"date":"2025-10-14T16:32:30","date_gmt":"2025-10-14T16:32:30","guid":{"rendered":"https:\/\/interaccioninformativa.mx\/?p=1437"},"modified":"2025-10-14T16:32:30","modified_gmt":"2025-10-14T16:32:30","slug":"frente-frio-7-congelara-a-mexico-cuando-llega-y-en-que-entidades-generara-heladas-de-5c","status":"publish","type":"post","link":"https:\/\/interaccioninformativa.mx\/index.php\/2025\/10\/14\/frente-frio-7-congelara-a-mexico-cuando-llega-y-en-que-entidades-generara-heladas-de-5c\/","title":{"rendered":"Frente Fr\u00edo 7 Congelar\u00e1 a M\u00e9xico: \u00bfCu\u00e1ndo Llega y en Qu\u00e9 Entidades Generar\u00e1 Heladas de -5\u00b0C?"},"content":{"rendered":"\n<figure class=\"wp-block-image size-large\"><img loading=\"lazy\" decoding=\"async\" width=\"1024\" height=\"576\" src=\"https:\/\/interaccioninformativa.mx\/wp-content\/uploads\/2025\/10\/DW2DDCAVLFANDBM3YMSJQL23CM-1-1024x576.avif\" alt=\"\" class=\"wp-image-1438\" srcset=\"https:\/\/interaccioninformativa.mx\/wp-content\/uploads\/2025\/10\/DW2DDCAVLFANDBM3YMSJQL23CM-1-1024x576.avif 1024w, https:\/\/interaccioninformativa.mx\/wp-content\/uploads\/2025\/10\/DW2DDCAVLFANDBM3YMSJQL23CM-1-300x169.avif 300w, https:\/\/interaccioninformativa.mx\/wp-content\/uploads\/2025\/10\/DW2DDCAVLFANDBM3YMSJQL23CM-1-768x432.avif 768w, https:\/\/interaccioninformativa.mx\/wp-content\/uploads\/2025\/10\/DW2DDCAVLFANDBM3YMSJQL23CM-1-678x381.avif 678w, https:\/\/interaccioninformativa.mx\/wp-content\/uploads\/2025\/10\/DW2DDCAVLFANDBM3YMSJQL23CM-1.avif 1200w\" sizes=\"auto, (max-width: 1024px) 100vw, 1024px\" \/><\/figure>\n\n\n\n<p>El frente fr\u00edo n\u00famero 7 de la temporada se aproxima al territorio nacional, con pron\u00f3sticos de descensos significativos en las temperaturas de m\u00faltiples entidades, donde se anticipan m\u00ednimas de hasta -5 grados Celsius.<\/p>\n\n\n\n<p>Si sales de casa al amanecer para laborar o estudiar, abr\u00edgate bien y desempolva tu chamarra favorita: se esperan heladas durante la semana, agravadas por las precipitaciones estacionales que ya han causado inundaciones fatales, con al menos 64 personas afectadas en regiones como Veracruz, Hidalgo y Puebla.<\/p>\n\n\n\n<p>El Servicio Meteorol\u00f3gico de la Comisi\u00f3n Nacional del Agua (Conagua) atribuye estas condiciones adversas a la interacci\u00f3n de la onda tropical 37, canales de baja presi\u00f3n, una vaguada y otros sistemas meteorol\u00f3gicos, que simult\u00e1neamente impulsar\u00e1n lluvias intensas y descensos t\u00e9rmicos pronunciados.<\/p>\n\n\n\n<p>Ante esto, insta a la ciudadan\u00eda a extremar precauciones, pues el frente fr\u00edo 7 y las tormentas podr\u00edan desencadenar inundaciones, deslizamientos de terreno y estragos por r\u00e1fagas de viento violentas.<\/p>\n\n\n\n<p><strong>Frente fr\u00edo 7: \u00bfCu\u00e1les entidades impactar\u00e1 y su fecha de ingreso a M\u00e9xico?<\/strong><\/p>\n\n\n\n<p>Desde este martes 14 de octubre, el sistema se ubicar\u00e1 pr\u00f3ximo a Baja California; el mi\u00e9rcoles 15 de octubre avanzar\u00e1 plenamente hacia esa frontera.<\/p>\n\n\n\n<p>De acuerdo con Conagua, los impactos se acentuar\u00e1n a partir del jueves 16 de octubre, extendi\u00e9ndose a Baja California, Baja California Sur y Sonora.<\/p>\n","protected":false},"excerpt":{"rendered":"<div class=\"mh-excerpt\"><p>El frente fr\u00edo n\u00famero 7 de la temporada se aproxima al territorio nacional, con pron\u00f3sticos de descensos significativos en las temperaturas de m\u00faltiples entidades, donde <a class=\"mh-excerpt-more\" href=\"https:\/\/interaccioninformativa.mx\/index.php\/2025\/10\/14\/frente-frio-7-congelara-a-mexico-cuando-llega-y-en-que-entidades-generara-heladas-de-5c\/\" title=\"Frente Fr\u00edo 7 Congelar\u00e1 a M\u00e9xico: \u00bfCu\u00e1ndo Llega y en Qu\u00e9 Entidades Generar\u00e1 Heladas de -5\u00b0C?\">[&#8230;]<\/a><\/p>\n<\/div>","protected":false},"author":1,"featured_media":1438,"comment_status":"open","ping_status":"closed","sticky":false,"template":"","format":"standard","meta":{"footnotes":""},"categories":[1],"tags":[],"class_list":["post-1437","post","type-post","status-publish","format-standard","has-post-thumbnail","hentry","category-noticias"],"_links":{"self":[{"href":"https:\/\/interaccioninformativa.mx\/index.php\/wp-json\/wp\/v2\/posts\/1437","targetHints":{"allow":["GET"]}}],"collection":[{"href":"https:\/\/interaccioninformativa.mx\/index.php\/wp-json\/wp\/v2\/posts"}],"about":[{"href":"https:\/\/interaccioninformativa.mx\/index.php\/wp-json\/wp\/v2\/types\/post"}],"author":[{"embeddable":true,"href":"https:\/\/interaccioninformativa.mx\/index.php\/wp-json\/wp\/v2\/users\/1"}],"replies":[{"embeddable":true,"href":"https:\/\/interaccioninformativa.mx\/index.php\/wp-json\/wp\/v2\/comments?post=1437"}],"version-history":[{"count":1,"href":"https:\/\/interaccioninformativa.mx\/index.php\/wp-json\/wp\/v2\/posts\/1437\/revisions"}],"predecessor-version":[{"id":1439,"href":"https:\/\/interaccioninformativa.mx\/index.php\/wp-json\/wp\/v2\/posts\/1437\/revisions\/1439"}],"wp:featuredmedia":[{"embeddable":true,"href":"https:\/\/interaccioninformativa.mx\/index.php\/wp-json\/wp\/v2\/media\/1438"}],"wp:attachment":[{"href":"https:\/\/interaccioninformativa.mx\/index.php\/wp-json\/wp\/v2\/media?parent=1437"}],"wp:term":[{"taxonomy":"category","embeddable":true,"href":"https:\/\/interaccioninformativa.mx\/index.php\/wp-json\/wp\/v2\/categories?post=1437"},{"taxonomy":"post_tag","embeddable":true,"href":"https:\/\/interaccioninformativa.mx\/index.php\/wp-json\/wp\/v2\/tags?post=1437"}],"curies":[{"name":"wp","href":"https:\/\/api.w.org\/{rel}","templated":true}]}}