{"id":1467,"date":"2025-10-17T16:22:43","date_gmt":"2025-10-17T16:22:43","guid":{"rendered":"https:\/\/interaccioninformativa.mx\/?p=1467"},"modified":"2025-10-17T16:22:43","modified_gmt":"2025-10-17T16:22:43","slug":"la-cifra-de-muertos-por-las-inundaciones-en-mexico-aumenta-a-72-en-las-ultimas-horas","status":"publish","type":"post","link":"https:\/\/interaccioninformativa.mx\/index.php\/2025\/10\/17\/la-cifra-de-muertos-por-las-inundaciones-en-mexico-aumenta-a-72-en-las-ultimas-horas\/","title":{"rendered":"La cifra de muertos por las inundaciones en M\u00e9xico aumenta a 72 en las \u00faltimas horas."},"content":{"rendered":"\n<figure class=\"wp-block-image size-large\"><img loading=\"lazy\" decoding=\"async\" width=\"1024\" height=\"576\" src=\"https:\/\/interaccioninformativa.mx\/wp-content\/uploads\/2025\/10\/563Z363YH5ENFAVKG3EFK6MS3M-1024x576.avif\" alt=\"\" class=\"wp-image-1468\" srcset=\"https:\/\/interaccioninformativa.mx\/wp-content\/uploads\/2025\/10\/563Z363YH5ENFAVKG3EFK6MS3M-1024x576.avif 1024w, https:\/\/interaccioninformativa.mx\/wp-content\/uploads\/2025\/10\/563Z363YH5ENFAVKG3EFK6MS3M-300x169.avif 300w, https:\/\/interaccioninformativa.mx\/wp-content\/uploads\/2025\/10\/563Z363YH5ENFAVKG3EFK6MS3M-768x432.avif 768w, https:\/\/interaccioninformativa.mx\/wp-content\/uploads\/2025\/10\/563Z363YH5ENFAVKG3EFK6MS3M-678x381.avif 678w, https:\/\/interaccioninformativa.mx\/wp-content\/uploads\/2025\/10\/563Z363YH5ENFAVKG3EFK6MS3M.avif 1200w\" sizes=\"auto, (max-width: 1024px) 100vw, 1024px\" \/><\/figure>\n\n\n\n<p>El saldo de v\u00edctimas por las lluvias torrenciales y las inundaciones en varios Estados de M\u00e9xico sigue aumentando. Los fallecidos contabilizados hasta este viernes han aumentado a 72, de acuerdo a la m\u00e1s reciente informaci\u00f3n dada a conocer por la titular de la Coordinaci\u00f3n Nacional de Protecci\u00f3n Civil, Laura Vel\u00e1zquez Alz\u00faa. En entrevista con medios en Poza Rica (Veracruz), uno de los municipios m\u00e1s devastados por el desbordamiento del r\u00edo Cazones, la funcionaria detall\u00f3 que a\u00fan hay 48 desaparecidos, 108 municipios afectados y 127 localidades incomunicadas en los cinco Estados afectados.<\/p>\n\n\n\n<p>El Estado de Hidalgo, en el centro del pa\u00eds, es uno de los que cuenta con m\u00e1s devastaci\u00f3n por las lluvias. Tan solo en esa entidad, Protecci\u00f3n Civil documenta 84 localidades incomunicadas en 28 municipios, 21 muertos y 29 desaparecidos. Por su parte, Veracruz, bordeando la costa del Golfo de M\u00e9xico, registra 32 muertos y 14 desaparecidos.<\/p>\n\n\n\n<p>Vel\u00e1zquez ha precisado que los municipios de \u00c1lamo y Poza Rica, ambos en Veracruz, son los m\u00e1s afectados por la devastaci\u00f3n, y all\u00ed se ha volcado la estrategia de rescate. La titular de Protecci\u00f3n Civil ha agregado que se han movilizado 10.000 elementos federales en los cinco Estados y que se est\u00e1 utilizando una cantidad \u201cimpresionante\u201d de maquinaria pesada para abrir caminos y las labores de limpieza.<\/p>\n\n\n\n<p>Vel\u00e1zquez ha descartado alg\u00fan brote de enfermedades relacionadas con las inundaciones y ha destacado la ayuda del personal de salud. \u201cNos estamos abocando a limpiar las calles, a brindar toda la alimentaci\u00f3n y el agua que requiere la gente, estar ah\u00ed y no movernos hasta no dejar todo limpio\u201d, ha indicado en entrevista en el aeropuerto de Poza Rica, en el Estado de Veracruz.<\/p>\n","protected":false},"excerpt":{"rendered":"<div class=\"mh-excerpt\"><p>El saldo de v\u00edctimas por las lluvias torrenciales y las inundaciones en varios Estados de M\u00e9xico sigue aumentando. Los fallecidos contabilizados hasta este viernes han <a class=\"mh-excerpt-more\" href=\"https:\/\/interaccioninformativa.mx\/index.php\/2025\/10\/17\/la-cifra-de-muertos-por-las-inundaciones-en-mexico-aumenta-a-72-en-las-ultimas-horas\/\" title=\"La cifra de muertos por las inundaciones en M\u00e9xico aumenta a 72 en las \u00faltimas horas.\">[&#8230;]<\/a><\/p>\n<\/div>","protected":false},"author":1,"featured_media":1468,"comment_status":"open","ping_status":"closed","sticky":false,"template":"","format":"standard","meta":{"footnotes":""},"categories":[1],"tags":[],"class_list":["post-1467","post","type-post","status-publish","format-standard","has-post-thumbnail","hentry","category-noticias"],"_links":{"self":[{"href":"https:\/\/interaccioninformativa.mx\/index.php\/wp-json\/wp\/v2\/posts\/1467","targetHints":{"allow":["GET"]}}],"collection":[{"href":"https:\/\/interaccioninformativa.mx\/index.php\/wp-json\/wp\/v2\/posts"}],"about":[{"href":"https:\/\/interaccioninformativa.mx\/index.php\/wp-json\/wp\/v2\/types\/post"}],"author":[{"embeddable":true,"href":"https:\/\/interaccioninformativa.mx\/index.php\/wp-json\/wp\/v2\/users\/1"}],"replies":[{"embeddable":true,"href":"https:\/\/interaccioninformativa.mx\/index.php\/wp-json\/wp\/v2\/comments?post=1467"}],"version-history":[{"count":1,"href":"https:\/\/interaccioninformativa.mx\/index.php\/wp-json\/wp\/v2\/posts\/1467\/revisions"}],"predecessor-version":[{"id":1469,"href":"https:\/\/interaccioninformativa.mx\/index.php\/wp-json\/wp\/v2\/posts\/1467\/revisions\/1469"}],"wp:featuredmedia":[{"embeddable":true,"href":"https:\/\/interaccioninformativa.mx\/index.php\/wp-json\/wp\/v2\/media\/1468"}],"wp:attachment":[{"href":"https:\/\/interaccioninformativa.mx\/index.php\/wp-json\/wp\/v2\/media?parent=1467"}],"wp:term":[{"taxonomy":"category","embeddable":true,"href":"https:\/\/interaccioninformativa.mx\/index.php\/wp-json\/wp\/v2\/categories?post=1467"},{"taxonomy":"post_tag","embeddable":true,"href":"https:\/\/interaccioninformativa.mx\/index.php\/wp-json\/wp\/v2\/tags?post=1467"}],"curies":[{"name":"wp","href":"https:\/\/api.w.org\/{rel}","templated":true}]}}