{"id":1470,"date":"2025-10-17T16:28:04","date_gmt":"2025-10-17T16:28:04","guid":{"rendered":"https:\/\/interaccioninformativa.mx\/?p=1470"},"modified":"2025-10-17T16:28:04","modified_gmt":"2025-10-17T16:28:04","slug":"sheinbaum-publica-en-dof-reformas-a-ley-de-amparo-entran-en-vigor-hoy","status":"publish","type":"post","link":"https:\/\/interaccioninformativa.mx\/index.php\/2025\/10\/17\/sheinbaum-publica-en-dof-reformas-a-ley-de-amparo-entran-en-vigor-hoy\/","title":{"rendered":"Sheinbaum publica en DOF reformas a Ley de Amparo; entran en vigor hoy."},"content":{"rendered":"\n<figure class=\"wp-block-image size-full\"><img loading=\"lazy\" decoding=\"async\" width=\"942\" height=\"532\" src=\"https:\/\/interaccioninformativa.mx\/wp-content\/uploads\/2025\/10\/juicio-amparo-recurso-ayuda-ciudadania_126_0_1074_678.webp\" alt=\"\" class=\"wp-image-1471\" srcset=\"https:\/\/interaccioninformativa.mx\/wp-content\/uploads\/2025\/10\/juicio-amparo-recurso-ayuda-ciudadania_126_0_1074_678.webp 942w, https:\/\/interaccioninformativa.mx\/wp-content\/uploads\/2025\/10\/juicio-amparo-recurso-ayuda-ciudadania_126_0_1074_678-300x169.webp 300w, https:\/\/interaccioninformativa.mx\/wp-content\/uploads\/2025\/10\/juicio-amparo-recurso-ayuda-ciudadania_126_0_1074_678-768x434.webp 768w\" sizes=\"auto, (max-width: 942px) 100vw, 942px\" \/><\/figure>\n\n\n\n<p>La presidenta Claudia Sheinbaum public\u00f3 ayer jueves las reformas y adiciones a la Ley de Amparo.<\/p>\n\n\n\n<p>En la edici\u00f3n vespertina del Diario Oficial de la Federaci\u00f3n (DOF), se dio a conocer el decreto, que entr\u00f3 en vigor hoy viernes 17 de octubre.<\/p>\n\n\n\n<p>\u201cSe reforman y adicionan diversas disposiciones a la Ley de Amparo, Reglamentaria de los art\u00edculos 103 y 107 de la Constituci\u00f3n Pol\u00edtica de los Estados Unidos Mexicanos, al C\u00f3digo Fiscal de la Federaci\u00f3n y a la Ley Org\u00e1nica del Tribunal Federal de Justicia Administrativa\u201d, dice el documento.<\/p>\n","protected":false},"excerpt":{"rendered":"<div class=\"mh-excerpt\"><p>La presidenta Claudia Sheinbaum public\u00f3 ayer jueves las reformas y adiciones a la Ley de Amparo. En la edici\u00f3n vespertina del Diario Oficial de la <a class=\"mh-excerpt-more\" href=\"https:\/\/interaccioninformativa.mx\/index.php\/2025\/10\/17\/sheinbaum-publica-en-dof-reformas-a-ley-de-amparo-entran-en-vigor-hoy\/\" title=\"Sheinbaum publica en DOF reformas a Ley de Amparo; entran en vigor hoy.\">[&#8230;]<\/a><\/p>\n<\/div>","protected":false},"author":1,"featured_media":1471,"comment_status":"open","ping_status":"closed","sticky":false,"template":"","format":"standard","meta":{"footnotes":""},"categories":[1],"tags":[],"class_list":["post-1470","post","type-post","status-publish","format-standard","has-post-thumbnail","hentry","category-noticias"],"_links":{"self":[{"href":"https:\/\/interaccioninformativa.mx\/index.php\/wp-json\/wp\/v2\/posts\/1470","targetHints":{"allow":["GET"]}}],"collection":[{"href":"https:\/\/interaccioninformativa.mx\/index.php\/wp-json\/wp\/v2\/posts"}],"about":[{"href":"https:\/\/interaccioninformativa.mx\/index.php\/wp-json\/wp\/v2\/types\/post"}],"author":[{"embeddable":true,"href":"https:\/\/interaccioninformativa.mx\/index.php\/wp-json\/wp\/v2\/users\/1"}],"replies":[{"embeddable":true,"href":"https:\/\/interaccioninformativa.mx\/index.php\/wp-json\/wp\/v2\/comments?post=1470"}],"version-history":[{"count":1,"href":"https:\/\/interaccioninformativa.mx\/index.php\/wp-json\/wp\/v2\/posts\/1470\/revisions"}],"predecessor-version":[{"id":1472,"href":"https:\/\/interaccioninformativa.mx\/index.php\/wp-json\/wp\/v2\/posts\/1470\/revisions\/1472"}],"wp:featuredmedia":[{"embeddable":true,"href":"https:\/\/interaccioninformativa.mx\/index.php\/wp-json\/wp\/v2\/media\/1471"}],"wp:attachment":[{"href":"https:\/\/interaccioninformativa.mx\/index.php\/wp-json\/wp\/v2\/media?parent=1470"}],"wp:term":[{"taxonomy":"category","embeddable":true,"href":"https:\/\/interaccioninformativa.mx\/index.php\/wp-json\/wp\/v2\/categories?post=1470"},{"taxonomy":"post_tag","embeddable":true,"href":"https:\/\/interaccioninformativa.mx\/index.php\/wp-json\/wp\/v2\/tags?post=1470"}],"curies":[{"name":"wp","href":"https:\/\/api.w.org\/{rel}","templated":true}]}}