{"id":1473,"date":"2025-10-17T16:31:23","date_gmt":"2025-10-17T16:31:23","guid":{"rendered":"https:\/\/interaccioninformativa.mx\/?p=1473"},"modified":"2025-10-17T16:31:23","modified_gmt":"2025-10-17T16:31:23","slug":"camara-de-diputados-aprueba-aumento-de-tarifas-en-museos-y-zonas-arqueologicas-del-inah-para-2026-extranjeros-pagaran-hasta-el-doble-que-nacionales","status":"publish","type":"post","link":"https:\/\/interaccioninformativa.mx\/index.php\/2025\/10\/17\/camara-de-diputados-aprueba-aumento-de-tarifas-en-museos-y-zonas-arqueologicas-del-inah-para-2026-extranjeros-pagaran-hasta-el-doble-que-nacionales\/","title":{"rendered":"C\u00e1mara de Diputados aprueba aumento de tarifas en museos y zonas arqueol\u00f3gicas del INAH para 2026; extranjeros pagar\u00e1n hasta el doble que nacionales"},"content":{"rendered":"\n<figure class=\"wp-block-image size-large\"><img loading=\"lazy\" decoding=\"async\" width=\"1024\" height=\"620\" src=\"https:\/\/interaccioninformativa.mx\/wp-content\/uploads\/2025\/10\/MF5XGZ2WONG35KLK6XTAHJLQHU-1024x620.avif\" alt=\"\" class=\"wp-image-1474\" srcset=\"https:\/\/interaccioninformativa.mx\/wp-content\/uploads\/2025\/10\/MF5XGZ2WONG35KLK6XTAHJLQHU-1024x620.avif 1024w, https:\/\/interaccioninformativa.mx\/wp-content\/uploads\/2025\/10\/MF5XGZ2WONG35KLK6XTAHJLQHU-300x182.avif 300w, https:\/\/interaccioninformativa.mx\/wp-content\/uploads\/2025\/10\/MF5XGZ2WONG35KLK6XTAHJLQHU-768x465.avif 768w, https:\/\/interaccioninformativa.mx\/wp-content\/uploads\/2025\/10\/MF5XGZ2WONG35KLK6XTAHJLQHU.avif 1100w\" sizes=\"auto, (max-width: 1024px) 100vw, 1024px\" \/><\/figure>\n\n\n\n<p>El pasado mi\u00e9rcoles 15 de octubre, la C\u00e1mara de Diputados aprob\u00f3 con 355 votos a favor y 132 en contra el dictamen de reforma a la Ley Federal de Derechos, que establece un aumento significativo para 2026 en las tarifas de entrada a museos y zonas arqueol\u00f3gicas administrados por el Instituto Nacional de Antropolog\u00eda e Historia (INAH). Esta modificaci\u00f3n impacta principalmente a los visitantes extranjeros, quienes pagar\u00e1n hasta el doble que los nacionales o residentes en M\u00e9xico, aunque tambi\u00e9n elevar\u00e1 los costos para las familias mexicanas en los principales recintos culturales del pa\u00eds. Una vez aprobado en la C\u00e1mara, el dictamen fue turnado al Senado de la Rep\u00fablica para su revisi\u00f3n y eventual discusi\u00f3n final antes de su entrada en vigor en 2026.<\/p>\n\n\n\n<p>La reforma reorganiza las tarifas por categor\u00edas, con descuentos variables para nacionales y residentes extranjeros (50% en la Categor\u00eda I y 45% en las II y III). Por ejemplo, en la Categor\u00eda I \u2014que incluye sitios emblem\u00e1ticos como el Museo Nacional de Antropolog\u00eda, las zonas arqueol\u00f3gicas del Templo Mayor, Teotihuac\u00e1n, Monte Alb\u00e1n, Tulum, Calakmul, Xochicalco, el Museo Nacional de Historia Castillo de Chapultepec, el Museo Nacional de las Intervenciones y el Museo del Virreinato\u2014, la entrada pasar\u00e1 de 100 pesos a 209.09 pesos para extranjeros, mientras que para mexicanos y residentes ser\u00e1 de 104.55 pesos.<\/p>\n\n\n\n<p>En la Categor\u00eda II, que abarca zonas como Tlatelolco, Malinalco, Pa\u00f1hu, Tehuac\u00e1n Viejo, La Quemada, Tonin\u00e1, Comalcalco, Dzibanch\u00e9, el Museo de El Carmen y el Museo de la Cultura Huasteca, el costo aumentar\u00e1 de 80 pesos a 156.75 pesos para extranjeros y a 86.21 pesos para nacionales y residentes.<\/p>\n\n\n\n<p>Para la Categor\u00eda III, con recintos como el Museo Nacional de las Culturas del Mundo, el Museo Virreinal de Acolman, el Fuerte de Guadalupe, el Ex Convento de Yanhuitl\u00e1n, y zonas arqueol\u00f3gicas como Tenam Puente, El Chanal y Tenayuca, la tarifa subir\u00e1 de 75 pesos a 143.69 pesos para extranjeros y a 79.03 pesos para mexicanos y residentes. Adicionalmente, se prev\u00e9 un nuevo esquema para la Categor\u00eda IV (sitios vinculados al Tren Maya, como Chich\u00e9n Itz\u00e1 con acceso nocturno, Uxmal y Dzibilchalt\u00fan) con una tarifa general de 104.50 pesos sin descuentos, y un cargo extra de 731.84 pesos para recorridos nocturnos en varias zonas. La ley mantiene exenciones para mayores de 60 a\u00f1os, menores de 13, personas con discapacidad, estudiantes y profesores, as\u00ed como entrada gratuita los domingos para nacionales y residentes.<\/p>\n\n\n\n<p>14 p\u00e1ginas web<\/p>\n","protected":false},"excerpt":{"rendered":"<div class=\"mh-excerpt\"><p>El pasado mi\u00e9rcoles 15 de octubre, la C\u00e1mara de Diputados aprob\u00f3 con 355 votos a favor y 132 en contra el dictamen de reforma a <a class=\"mh-excerpt-more\" href=\"https:\/\/interaccioninformativa.mx\/index.php\/2025\/10\/17\/camara-de-diputados-aprueba-aumento-de-tarifas-en-museos-y-zonas-arqueologicas-del-inah-para-2026-extranjeros-pagaran-hasta-el-doble-que-nacionales\/\" title=\"C\u00e1mara de Diputados aprueba aumento de tarifas en museos y zonas arqueol\u00f3gicas del INAH para 2026; extranjeros pagar\u00e1n hasta el doble que nacionales\">[&#8230;]<\/a><\/p>\n<\/div>","protected":false},"author":1,"featured_media":1474,"comment_status":"open","ping_status":"closed","sticky":false,"template":"","format":"standard","meta":{"footnotes":""},"categories":[1],"tags":[],"class_list":["post-1473","post","type-post","status-publish","format-standard","has-post-thumbnail","hentry","category-noticias"],"_links":{"self":[{"href":"https:\/\/interaccioninformativa.mx\/index.php\/wp-json\/wp\/v2\/posts\/1473","targetHints":{"allow":["GET"]}}],"collection":[{"href":"https:\/\/interaccioninformativa.mx\/index.php\/wp-json\/wp\/v2\/posts"}],"about":[{"href":"https:\/\/interaccioninformativa.mx\/index.php\/wp-json\/wp\/v2\/types\/post"}],"author":[{"embeddable":true,"href":"https:\/\/interaccioninformativa.mx\/index.php\/wp-json\/wp\/v2\/users\/1"}],"replies":[{"embeddable":true,"href":"https:\/\/interaccioninformativa.mx\/index.php\/wp-json\/wp\/v2\/comments?post=1473"}],"version-history":[{"count":1,"href":"https:\/\/interaccioninformativa.mx\/index.php\/wp-json\/wp\/v2\/posts\/1473\/revisions"}],"predecessor-version":[{"id":1475,"href":"https:\/\/interaccioninformativa.mx\/index.php\/wp-json\/wp\/v2\/posts\/1473\/revisions\/1475"}],"wp:featuredmedia":[{"embeddable":true,"href":"https:\/\/interaccioninformativa.mx\/index.php\/wp-json\/wp\/v2\/media\/1474"}],"wp:attachment":[{"href":"https:\/\/interaccioninformativa.mx\/index.php\/wp-json\/wp\/v2\/media?parent=1473"}],"wp:term":[{"taxonomy":"category","embeddable":true,"href":"https:\/\/interaccioninformativa.mx\/index.php\/wp-json\/wp\/v2\/categories?post=1473"},{"taxonomy":"post_tag","embeddable":true,"href":"https:\/\/interaccioninformativa.mx\/index.php\/wp-json\/wp\/v2\/tags?post=1473"}],"curies":[{"name":"wp","href":"https:\/\/api.w.org\/{rel}","templated":true}]}}