{"id":1480,"date":"2025-10-18T19:00:30","date_gmt":"2025-10-18T19:00:30","guid":{"rendered":"https:\/\/interaccioninformativa.mx\/?p=1480"},"modified":"2025-10-18T19:00:30","modified_gmt":"2025-10-18T19:00:30","slug":"riesgo-de-inundacion-acecha-a-tampico-por-el-rio-panuco-cuales-areas-estan-en-mayor-peligro","status":"publish","type":"post","link":"https:\/\/interaccioninformativa.mx\/index.php\/2025\/10\/18\/riesgo-de-inundacion-acecha-a-tampico-por-el-rio-panuco-cuales-areas-estan-en-mayor-peligro\/","title":{"rendered":"Riesgo de Inundaci\u00f3n Acecha a Tampico por el R\u00edo P\u00e1nuco: \u00bfCu\u00e1les \u00c1reas Est\u00e1n en Mayor Peligro?"},"content":{"rendered":"\n<figure class=\"wp-block-image size-large\"><img loading=\"lazy\" decoding=\"async\" width=\"1024\" height=\"576\" src=\"https:\/\/interaccioninformativa.mx\/wp-content\/uploads\/2025\/10\/LEMS6JJF7BELJHJ4U4C7EKYMKE-1024x576.avif\" alt=\"\" class=\"wp-image-1481\" srcset=\"https:\/\/interaccioninformativa.mx\/wp-content\/uploads\/2025\/10\/LEMS6JJF7BELJHJ4U4C7EKYMKE-1024x576.avif 1024w, https:\/\/interaccioninformativa.mx\/wp-content\/uploads\/2025\/10\/LEMS6JJF7BELJHJ4U4C7EKYMKE-300x169.avif 300w, https:\/\/interaccioninformativa.mx\/wp-content\/uploads\/2025\/10\/LEMS6JJF7BELJHJ4U4C7EKYMKE-768x432.avif 768w, https:\/\/interaccioninformativa.mx\/wp-content\/uploads\/2025\/10\/LEMS6JJF7BELJHJ4U4C7EKYMKE-678x381.avif 678w, https:\/\/interaccioninformativa.mx\/wp-content\/uploads\/2025\/10\/LEMS6JJF7BELJHJ4U4C7EKYMKE.avif 1200w\" sizes=\"auto, (max-width: 1024px) 100vw, 1024px\" \/><\/figure>\n\n\n\n<p>Los niveles cr\u00edticos del R\u00edo P\u00e1nuco mantienen en vilo a residentes de Veracruz y Tamaulipas, con un alto riesgo de desbordamiento inminente. Autoridades locales han activado protocolos de seguridad y rutas de evacuaci\u00f3n ante la escalada del caudal.<\/p>\n\n\n\n<p>M\u00f3nica Villarreal, alcaldesa de Tampico, Tamaulipas, alert\u00f3 que las afectaciones podr\u00edan ocurrir durante la noche del s\u00e1bado 18 o la madrugada del domingo 19 de octubre de 2025. \u00abPara s\u00e1bado en la noche o domingo en la ma\u00f1ana, llegaremos a la cresta del r\u00edo en Tampico\u00bb, advirti\u00f3 en entrevista con Azucena Uresti.<\/p>\n\n\n\n<p>Como medidas preventivas, se realiza un monitoreo constante del agua y se alerta casa por casa en zonas bajas. Villarreal recomend\u00f3 preparar mochilas con art\u00edculos personales y ropa limpia para una posible evacuaci\u00f3n r\u00e1pida. \u00abHemos ido puerta a puerta en las \u00e1reas m\u00e1s vulnerables para que est\u00e9n listos\u00bb, enfatiz\u00f3. Mantente atento a actualizaciones oficiales y prioriza tu seguridad.<\/p>\n","protected":false},"excerpt":{"rendered":"<div class=\"mh-excerpt\"><p>Los niveles cr\u00edticos del R\u00edo P\u00e1nuco mantienen en vilo a residentes de Veracruz y Tamaulipas, con un alto riesgo de desbordamiento inminente. Autoridades locales han <a class=\"mh-excerpt-more\" href=\"https:\/\/interaccioninformativa.mx\/index.php\/2025\/10\/18\/riesgo-de-inundacion-acecha-a-tampico-por-el-rio-panuco-cuales-areas-estan-en-mayor-peligro\/\" title=\"Riesgo de Inundaci\u00f3n Acecha a Tampico por el R\u00edo P\u00e1nuco: \u00bfCu\u00e1les \u00c1reas Est\u00e1n en Mayor Peligro?\">[&#8230;]<\/a><\/p>\n<\/div>","protected":false},"author":1,"featured_media":1481,"comment_status":"open","ping_status":"closed","sticky":false,"template":"","format":"standard","meta":{"footnotes":""},"categories":[1],"tags":[],"class_list":["post-1480","post","type-post","status-publish","format-standard","has-post-thumbnail","hentry","category-noticias"],"_links":{"self":[{"href":"https:\/\/interaccioninformativa.mx\/index.php\/wp-json\/wp\/v2\/posts\/1480","targetHints":{"allow":["GET"]}}],"collection":[{"href":"https:\/\/interaccioninformativa.mx\/index.php\/wp-json\/wp\/v2\/posts"}],"about":[{"href":"https:\/\/interaccioninformativa.mx\/index.php\/wp-json\/wp\/v2\/types\/post"}],"author":[{"embeddable":true,"href":"https:\/\/interaccioninformativa.mx\/index.php\/wp-json\/wp\/v2\/users\/1"}],"replies":[{"embeddable":true,"href":"https:\/\/interaccioninformativa.mx\/index.php\/wp-json\/wp\/v2\/comments?post=1480"}],"version-history":[{"count":1,"href":"https:\/\/interaccioninformativa.mx\/index.php\/wp-json\/wp\/v2\/posts\/1480\/revisions"}],"predecessor-version":[{"id":1482,"href":"https:\/\/interaccioninformativa.mx\/index.php\/wp-json\/wp\/v2\/posts\/1480\/revisions\/1482"}],"wp:featuredmedia":[{"embeddable":true,"href":"https:\/\/interaccioninformativa.mx\/index.php\/wp-json\/wp\/v2\/media\/1481"}],"wp:attachment":[{"href":"https:\/\/interaccioninformativa.mx\/index.php\/wp-json\/wp\/v2\/media?parent=1480"}],"wp:term":[{"taxonomy":"category","embeddable":true,"href":"https:\/\/interaccioninformativa.mx\/index.php\/wp-json\/wp\/v2\/categories?post=1480"},{"taxonomy":"post_tag","embeddable":true,"href":"https:\/\/interaccioninformativa.mx\/index.php\/wp-json\/wp\/v2\/tags?post=1480"}],"curies":[{"name":"wp","href":"https:\/\/api.w.org\/{rel}","templated":true}]}}