{"id":1494,"date":"2025-10-19T16:30:18","date_gmt":"2025-10-19T16:30:18","guid":{"rendered":"https:\/\/interaccioninformativa.mx\/?p=1494"},"modified":"2025-10-20T16:30:27","modified_gmt":"2025-10-20T16:30:27","slug":"el-robo-en-el-louvre-de-paris-como-se-ejecuto-y-las-joyas-valiosas-que-desaparecieron","status":"publish","type":"post","link":"https:\/\/interaccioninformativa.mx\/index.php\/2025\/10\/19\/el-robo-en-el-louvre-de-paris-como-se-ejecuto-y-las-joyas-valiosas-que-desaparecieron\/","title":{"rendered":"El robo en el Louvre de Par\u00eds: C\u00f3mo se ejecut\u00f3 y las joyas valiosas que desaparecieron"},"content":{"rendered":"\n<figure class=\"wp-block-image size-full\"><img loading=\"lazy\" decoding=\"async\" width=\"800\" height=\"450\" src=\"https:\/\/interaccioninformativa.mx\/wp-content\/uploads\/2025\/10\/5cd22400-ad2b-11f0-aa8e-85acf7ab5507.jpg-1.webp\" alt=\"\" class=\"wp-image-1495\" srcset=\"https:\/\/interaccioninformativa.mx\/wp-content\/uploads\/2025\/10\/5cd22400-ad2b-11f0-aa8e-85acf7ab5507.jpg-1.webp 800w, https:\/\/interaccioninformativa.mx\/wp-content\/uploads\/2025\/10\/5cd22400-ad2b-11f0-aa8e-85acf7ab5507.jpg-1-300x169.webp 300w, https:\/\/interaccioninformativa.mx\/wp-content\/uploads\/2025\/10\/5cd22400-ad2b-11f0-aa8e-85acf7ab5507.jpg-1-768x432.webp 768w, https:\/\/interaccioninformativa.mx\/wp-content\/uploads\/2025\/10\/5cd22400-ad2b-11f0-aa8e-85acf7ab5507.jpg-1-678x381.webp 678w\" sizes=\"auto, (max-width: 800px) 100vw, 800px\" \/><\/figure>\n\n\n\n<p>El robo de este domingo representa el atraco m\u00e1s impactante en el Louvre desde el hurto de la Mona Lisa en 1911.<\/p>\n\n\n\n<p>Y genera graves interrogantes sobre la seguridad que resguarda las obras de arte francesas, en un contexto donde las bandas delictivas las toman cada vez m\u00e1s como blanco prioritario.<\/p>\n\n\n\n<p>De acuerdo con el nuevo ministro del Interior franc\u00e9s, Laurent Nu\u00f1ez, el grupo que irrumpi\u00f3 en la Galer\u00eda Apolo el domingo actu\u00f3 con profesionalismo evidente.<\/p>\n\n\n\n<p>Sab\u00edan exactamente qu\u00e9 buscar, hab\u00edan reconnaissance el lugar previamente, emplearon un m\u00e9todo directo pero infalible, y solo tardaron siete minutos en apoderarse del bot\u00edn y huir.<\/p>\n\n\n\n<p>En un cami\u00f3n provisto de una escalera extensible, se detuvieron en la v\u00eda p\u00fablica, ascendieron al segundo piso y luego usaron una cortadora de disco para acceder por una ventana. Dentro de la opulenta galer\u00eda, se encaminaron directamente a dos vitrinas que albergan los vestigios de las joyas de la corona francesa.<\/p>\n\n\n\n<p>La mayor\u00eda de las piezas reales francesas se perdieron o fueron subastadas tras la Revoluci\u00f3n de 1789, aunque algunas se preservaron o se recuperaron despu\u00e9s.<\/p>\n\n\n\n<p>Sin embargo, gran parte del contenido de esas vitrinas proviene del siglo XIX y de las dinast\u00edas imperiales de Napole\u00f3n y su sobrino Napole\u00f3n III.<\/p>\n","protected":false},"excerpt":{"rendered":"<div class=\"mh-excerpt\"><p>El robo de este domingo representa el atraco m\u00e1s impactante en el Louvre desde el hurto de la Mona Lisa en 1911. Y genera graves <a class=\"mh-excerpt-more\" href=\"https:\/\/interaccioninformativa.mx\/index.php\/2025\/10\/19\/el-robo-en-el-louvre-de-paris-como-se-ejecuto-y-las-joyas-valiosas-que-desaparecieron\/\" title=\"El robo en el Louvre de Par\u00eds: C\u00f3mo se ejecut\u00f3 y las joyas valiosas que desaparecieron\">[&#8230;]<\/a><\/p>\n<\/div>","protected":false},"author":1,"featured_media":1495,"comment_status":"open","ping_status":"closed","sticky":false,"template":"","format":"standard","meta":{"footnotes":""},"categories":[1],"tags":[],"class_list":["post-1494","post","type-post","status-publish","format-standard","has-post-thumbnail","hentry","category-noticias"],"_links":{"self":[{"href":"https:\/\/interaccioninformativa.mx\/index.php\/wp-json\/wp\/v2\/posts\/1494","targetHints":{"allow":["GET"]}}],"collection":[{"href":"https:\/\/interaccioninformativa.mx\/index.php\/wp-json\/wp\/v2\/posts"}],"about":[{"href":"https:\/\/interaccioninformativa.mx\/index.php\/wp-json\/wp\/v2\/types\/post"}],"author":[{"embeddable":true,"href":"https:\/\/interaccioninformativa.mx\/index.php\/wp-json\/wp\/v2\/users\/1"}],"replies":[{"embeddable":true,"href":"https:\/\/interaccioninformativa.mx\/index.php\/wp-json\/wp\/v2\/comments?post=1494"}],"version-history":[{"count":1,"href":"https:\/\/interaccioninformativa.mx\/index.php\/wp-json\/wp\/v2\/posts\/1494\/revisions"}],"predecessor-version":[{"id":1496,"href":"https:\/\/interaccioninformativa.mx\/index.php\/wp-json\/wp\/v2\/posts\/1494\/revisions\/1496"}],"wp:featuredmedia":[{"embeddable":true,"href":"https:\/\/interaccioninformativa.mx\/index.php\/wp-json\/wp\/v2\/media\/1495"}],"wp:attachment":[{"href":"https:\/\/interaccioninformativa.mx\/index.php\/wp-json\/wp\/v2\/media?parent=1494"}],"wp:term":[{"taxonomy":"category","embeddable":true,"href":"https:\/\/interaccioninformativa.mx\/index.php\/wp-json\/wp\/v2\/categories?post=1494"},{"taxonomy":"post_tag","embeddable":true,"href":"https:\/\/interaccioninformativa.mx\/index.php\/wp-json\/wp\/v2\/tags?post=1494"}],"curies":[{"name":"wp","href":"https:\/\/api.w.org\/{rel}","templated":true}]}}