{"id":1501,"date":"2025-10-20T16:39:24","date_gmt":"2025-10-20T16:39:24","guid":{"rendered":"https:\/\/interaccioninformativa.mx\/?p=1501"},"modified":"2025-10-20T16:39:24","modified_gmt":"2025-10-20T16:39:24","slug":"israel-y-hamas-confirman-tregua-tras-bajas-israelies-y-bombardeos-en-gaza","status":"publish","type":"post","link":"https:\/\/interaccioninformativa.mx\/index.php\/2025\/10\/20\/israel-y-hamas-confirman-tregua-tras-bajas-israelies-y-bombardeos-en-gaza\/","title":{"rendered":"Israel y Ham\u00e1s confirman tregua tras bajas israel\u00edes y bombardeos en Gaza"},"content":{"rendered":"\n<figure class=\"wp-block-image size-large\"><img loading=\"lazy\" decoding=\"async\" width=\"1024\" height=\"576\" src=\"https:\/\/interaccioninformativa.mx\/wp-content\/uploads\/2025\/10\/gettyimages-2241697730-1024x576.jpg\" alt=\"\" class=\"wp-image-1502\" srcset=\"https:\/\/interaccioninformativa.mx\/wp-content\/uploads\/2025\/10\/gettyimages-2241697730-1024x576.jpg 1024w, https:\/\/interaccioninformativa.mx\/wp-content\/uploads\/2025\/10\/gettyimages-2241697730-300x169.jpg 300w, https:\/\/interaccioninformativa.mx\/wp-content\/uploads\/2025\/10\/gettyimages-2241697730-768x432.jpg 768w, https:\/\/interaccioninformativa.mx\/wp-content\/uploads\/2025\/10\/gettyimages-2241697730-678x381.jpg 678w, https:\/\/interaccioninformativa.mx\/wp-content\/uploads\/2025\/10\/gettyimages-2241697730.jpg 1280w\" sizes=\"auto, (max-width: 1024px) 100vw, 1024px\" \/><\/figure>\n\n\n\n<p>El cese al fuego entre Israel y Ham\u00e1s ha resistido su primer desaf\u00edo significativo, con ambas partes reafirmando su adhesi\u00f3n al pacto tras la muerte de dos soldados israel\u00edes en Gaza este domingo, que provoc\u00f3 una r\u00e1faga de bombardeos a\u00e9reos. Las Fuerzas de Defensa de Israel (FDI) anunciaron en un parte que reiniciar\u00e1n la ejecuci\u00f3n del alto el fuego por orden de la dirigencia pol\u00edtica. Por su parte, Ham\u00e1s y sus Brigadas Al-Qassam manifestaron por la ma\u00f1ana su firme compromiso con el acuerdo y negaron cualquier rol en el asalto contra las tropas israel\u00edes.<\/p>\n","protected":false},"excerpt":{"rendered":"<div class=\"mh-excerpt\"><p>El cese al fuego entre Israel y Ham\u00e1s ha resistido su primer desaf\u00edo significativo, con ambas partes reafirmando su adhesi\u00f3n al pacto tras la muerte <a class=\"mh-excerpt-more\" href=\"https:\/\/interaccioninformativa.mx\/index.php\/2025\/10\/20\/israel-y-hamas-confirman-tregua-tras-bajas-israelies-y-bombardeos-en-gaza\/\" title=\"Israel y Ham\u00e1s confirman tregua tras bajas israel\u00edes y bombardeos en Gaza\">[&#8230;]<\/a><\/p>\n<\/div>","protected":false},"author":1,"featured_media":1502,"comment_status":"open","ping_status":"closed","sticky":false,"template":"","format":"standard","meta":{"footnotes":""},"categories":[1],"tags":[],"class_list":["post-1501","post","type-post","status-publish","format-standard","has-post-thumbnail","hentry","category-noticias"],"_links":{"self":[{"href":"https:\/\/interaccioninformativa.mx\/index.php\/wp-json\/wp\/v2\/posts\/1501","targetHints":{"allow":["GET"]}}],"collection":[{"href":"https:\/\/interaccioninformativa.mx\/index.php\/wp-json\/wp\/v2\/posts"}],"about":[{"href":"https:\/\/interaccioninformativa.mx\/index.php\/wp-json\/wp\/v2\/types\/post"}],"author":[{"embeddable":true,"href":"https:\/\/interaccioninformativa.mx\/index.php\/wp-json\/wp\/v2\/users\/1"}],"replies":[{"embeddable":true,"href":"https:\/\/interaccioninformativa.mx\/index.php\/wp-json\/wp\/v2\/comments?post=1501"}],"version-history":[{"count":1,"href":"https:\/\/interaccioninformativa.mx\/index.php\/wp-json\/wp\/v2\/posts\/1501\/revisions"}],"predecessor-version":[{"id":1503,"href":"https:\/\/interaccioninformativa.mx\/index.php\/wp-json\/wp\/v2\/posts\/1501\/revisions\/1503"}],"wp:featuredmedia":[{"embeddable":true,"href":"https:\/\/interaccioninformativa.mx\/index.php\/wp-json\/wp\/v2\/media\/1502"}],"wp:attachment":[{"href":"https:\/\/interaccioninformativa.mx\/index.php\/wp-json\/wp\/v2\/media?parent=1501"}],"wp:term":[{"taxonomy":"category","embeddable":true,"href":"https:\/\/interaccioninformativa.mx\/index.php\/wp-json\/wp\/v2\/categories?post=1501"},{"taxonomy":"post_tag","embeddable":true,"href":"https:\/\/interaccioninformativa.mx\/index.php\/wp-json\/wp\/v2\/tags?post=1501"}],"curies":[{"name":"wp","href":"https:\/\/api.w.org\/{rel}","templated":true}]}}