{"id":1504,"date":"2025-10-20T16:45:09","date_gmt":"2025-10-20T16:45:09","guid":{"rendered":"https:\/\/interaccioninformativa.mx\/?p=1504"},"modified":"2025-10-20T16:45:09","modified_gmt":"2025-10-20T16:45:09","slug":"salinas-pliego-no-descarta-candidatura-presidencial","status":"publish","type":"post","link":"https:\/\/interaccioninformativa.mx\/index.php\/2025\/10\/20\/salinas-pliego-no-descarta-candidatura-presidencial\/","title":{"rendered":"Salinas Pliego no descarta candidatura presidencial"},"content":{"rendered":"\n<figure class=\"wp-block-image size-large\"><img loading=\"lazy\" decoding=\"async\" width=\"1024\" height=\"640\" src=\"https:\/\/interaccioninformativa.mx\/wp-content\/uploads\/2025\/10\/candidatura-ricardo-salinas-pliego-1024x640.jpg\" alt=\"\" class=\"wp-image-1505\" srcset=\"https:\/\/interaccioninformativa.mx\/wp-content\/uploads\/2025\/10\/candidatura-ricardo-salinas-pliego-1024x640.jpg 1024w, https:\/\/interaccioninformativa.mx\/wp-content\/uploads\/2025\/10\/candidatura-ricardo-salinas-pliego-300x188.jpg 300w, https:\/\/interaccioninformativa.mx\/wp-content\/uploads\/2025\/10\/candidatura-ricardo-salinas-pliego-768x480.jpg 768w, https:\/\/interaccioninformativa.mx\/wp-content\/uploads\/2025\/10\/candidatura-ricardo-salinas-pliego.jpg 1200w\" sizes=\"auto, (max-width: 1024px) 100vw, 1024px\" \/><\/figure>\n\n\n\n<p>El magnate mexicano Ricardo Salinas Pliego, due\u00f1o de TV Azteca y otros emporios, quien ha eludido pagar 74 mil millones de pesos en deudas fiscales ante el SAT en 32 juicios, insinu\u00f3 su entrada al \u00e1mbito pol\u00edtico al aludir a una eventual candidatura presidencial.<\/p>\n\n\n\n<p>En un tono combativo, reminiscentes del presidente argentino Javier Milei, Salinas pronunci\u00f3 un discurso en una celebraci\u00f3n privada por sus 70 a\u00f1os.<\/p>\n\n\n\n<p>\u201cEs hora de una nueva fase, un desaf\u00edo m\u00e1s, y \u00bfpor qu\u00e9 no? Echar a los zurdos de mierda y mandarlos a chingar a su madre\u201d, declar\u00f3 en un video viral de 45 segundos, mientras el p\u00fablico coreaba: \u201c\u00a1Presidente, presidente!\u201d.<\/p>\n\n\n\n<p>\u201cSon mis amigos y los valoro, pero hay que convencer a muchos m\u00e1s\u201d, a\u00f1adi\u00f3 el empresario. D\u00edas atr\u00e1s, una encuesta lo coloc\u00f3 quinto entre aspirantes opositores para las elecciones de 2030, con un 10% de apoyo.<\/p>\n\n\n\n<p>Sus compa\u00f1\u00edas litigan con el SAT por esos 74 mil millones en adeudos fiscales. Salinas ha arremetido contra el gobierno de Andr\u00e9s Manuel L\u00f3pez Obrador (2018-2024), pese a integrar su consejo asesor empresarial, y ahora contra el de Claudia Sheinbaum, en funciones desde el 1 de octubre de 2024.<\/p>\n\n\n\n<p>El 29 de septiembre, Sheinbaum plante\u00f3 una v\u00eda legal para saldar la deuda: \u201cSi pagan, aplican descuentos por multas seg\u00fan el c\u00f3digo fiscal. Si no, prosigue el juicio con sus consecuencias\u201d, enfatiz\u00f3. EFE<\/p>\n","protected":false},"excerpt":{"rendered":"<div class=\"mh-excerpt\"><p>El magnate mexicano Ricardo Salinas Pliego, due\u00f1o de TV Azteca y otros emporios, quien ha eludido pagar 74 mil millones de pesos en deudas fiscales <a class=\"mh-excerpt-more\" href=\"https:\/\/interaccioninformativa.mx\/index.php\/2025\/10\/20\/salinas-pliego-no-descarta-candidatura-presidencial\/\" title=\"Salinas Pliego no descarta candidatura presidencial\">[&#8230;]<\/a><\/p>\n<\/div>","protected":false},"author":1,"featured_media":1505,"comment_status":"open","ping_status":"closed","sticky":false,"template":"","format":"standard","meta":{"footnotes":""},"categories":[1],"tags":[],"class_list":["post-1504","post","type-post","status-publish","format-standard","has-post-thumbnail","hentry","category-noticias"],"_links":{"self":[{"href":"https:\/\/interaccioninformativa.mx\/index.php\/wp-json\/wp\/v2\/posts\/1504","targetHints":{"allow":["GET"]}}],"collection":[{"href":"https:\/\/interaccioninformativa.mx\/index.php\/wp-json\/wp\/v2\/posts"}],"about":[{"href":"https:\/\/interaccioninformativa.mx\/index.php\/wp-json\/wp\/v2\/types\/post"}],"author":[{"embeddable":true,"href":"https:\/\/interaccioninformativa.mx\/index.php\/wp-json\/wp\/v2\/users\/1"}],"replies":[{"embeddable":true,"href":"https:\/\/interaccioninformativa.mx\/index.php\/wp-json\/wp\/v2\/comments?post=1504"}],"version-history":[{"count":1,"href":"https:\/\/interaccioninformativa.mx\/index.php\/wp-json\/wp\/v2\/posts\/1504\/revisions"}],"predecessor-version":[{"id":1506,"href":"https:\/\/interaccioninformativa.mx\/index.php\/wp-json\/wp\/v2\/posts\/1504\/revisions\/1506"}],"wp:featuredmedia":[{"embeddable":true,"href":"https:\/\/interaccioninformativa.mx\/index.php\/wp-json\/wp\/v2\/media\/1505"}],"wp:attachment":[{"href":"https:\/\/interaccioninformativa.mx\/index.php\/wp-json\/wp\/v2\/media?parent=1504"}],"wp:term":[{"taxonomy":"category","embeddable":true,"href":"https:\/\/interaccioninformativa.mx\/index.php\/wp-json\/wp\/v2\/categories?post=1504"},{"taxonomy":"post_tag","embeddable":true,"href":"https:\/\/interaccioninformativa.mx\/index.php\/wp-json\/wp\/v2\/tags?post=1504"}],"curies":[{"name":"wp","href":"https:\/\/api.w.org\/{rel}","templated":true}]}}