{"id":1508,"date":"2025-10-21T16:33:56","date_gmt":"2025-10-21T16:33:56","guid":{"rendered":"https:\/\/interaccioninformativa.mx\/?p=1508"},"modified":"2025-10-21T16:33:56","modified_gmt":"2025-10-21T16:33:56","slug":"causa-de-muerte-de-medio-metro-original-el-bailarin-de-sonideros-hallado-sin-vida-en-un-canal-de-puebla","status":"publish","type":"post","link":"https:\/\/interaccioninformativa.mx\/index.php\/2025\/10\/21\/causa-de-muerte-de-medio-metro-original-el-bailarin-de-sonideros-hallado-sin-vida-en-un-canal-de-puebla\/","title":{"rendered":"Causa de muerte de &#8216;Medio Metro Original&#8217;: el bailar\u00edn de sonideros hallado sin vida en un canal de Puebla"},"content":{"rendered":"\n<figure class=\"wp-block-image size-full\"><img loading=\"lazy\" decoding=\"async\" width=\"992\" height=\"558\" src=\"https:\/\/interaccioninformativa.mx\/wp-content\/uploads\/2025\/10\/K2NVM657JBAZ3JDCQEEZUUXT7E.avif\" alt=\"\" class=\"wp-image-1509\" srcset=\"https:\/\/interaccioninformativa.mx\/wp-content\/uploads\/2025\/10\/K2NVM657JBAZ3JDCQEEZUUXT7E.avif 992w, https:\/\/interaccioninformativa.mx\/wp-content\/uploads\/2025\/10\/K2NVM657JBAZ3JDCQEEZUUXT7E-300x169.avif 300w, https:\/\/interaccioninformativa.mx\/wp-content\/uploads\/2025\/10\/K2NVM657JBAZ3JDCQEEZUUXT7E-768x432.avif 768w, https:\/\/interaccioninformativa.mx\/wp-content\/uploads\/2025\/10\/K2NVM657JBAZ3JDCQEEZUUXT7E-678x381.avif 678w\" sizes=\"auto, (max-width: 992px) 100vw, 992px\" \/><\/figure>\n\n\n\n<p>Francisco Pineda P\u00e9rez, mejor conocido como &#8216;Medio Metro Original&#8217; o &#8216;Medio Metro Poblano&#8217;, un ic\u00f3nico bailar\u00edn de la escena sonidera con m\u00e1s de 21 a\u00f1os de trayectoria, fue encontrado sin vida el 20 de octubre de 2025 en un canal de la zona de riego de San Sebasti\u00e1n Aparicio, en Puebla. El cuerpo presentaba lesiones visibles en la cabeza, presuntamente causadas por impactos de arma de fuego, aunque las autoridades no descartan otras hip\u00f3tesis como un accidente o un posible atropellamiento que lo habr\u00eda arrojado al canal.<\/p>\n\n\n\n<h4 class=\"wp-block-heading\">Detalles del hallazgo y la investigaci\u00f3n<\/h4>\n\n\n\n<ul class=\"wp-block-list\">\n<li><strong>Circunstancias del descubrimiento<\/strong>: El cuerpo fue reportado por transe\u00fantes que alertaron a las autoridades tras verlo rodeado de perros y con la cabeza cubierta. Vest\u00eda una camisa y pantalones blancos, y estaba parcialmente sumergido en el agua. El Grupo Super T de Paco Toxqui, con el que colaboraba, confirm\u00f3 el deceso a trav\u00e9s de un mensaje en redes sociales: \u00abLamentamos comunicar a todos nuestros seguidores el fallecimiento de nuestro compa\u00f1ero Medio Metro, nos unimos al dolor que embarga a toda la familia Pineda. Descansa en paz\u00bb.<\/li>\n\n\n\n<li><strong>Causa oficial pendiente<\/strong>: La Fiscal\u00eda General del Estado de Puebla realiza la necropsia para determinar con precisi\u00f3n la causa de muerte. La l\u00ednea principal de investigaci\u00f3n apunta a homicidio, pero se exploran escenarios alternos como un traumatismo por ca\u00edda o impacto vehicular. No se han reportado detenciones hasta el momento.<\/li>\n\n\n\n<li><strong>Confusi\u00f3n con otros &#8216;Medio Metros&#8217;<\/strong>: El apodo es popular en la cultura sonidera, lo que gener\u00f3 rumores iniciales. Jos\u00e9 Eduardo Rodr\u00edguez, conocido como &#8216;Medio Metro&#8217; de Sonido Pirata, aclar\u00f3 que no era \u00e9l el fallecido, enfatizando que se trataba del \u00aboriginal\u00bb de Puebla.<\/li>\n<\/ul>\n\n\n\n<h4 class=\"wp-block-heading\">\u00bfQui\u00e9n era &#8216;Medio Metro Original&#8217;?<\/h4>\n\n\n\n<p>Francisco Pineda, de 21 a\u00f1os de carrera en eventos sonideros, padec\u00eda acondroplasia, una condici\u00f3n gen\u00e9tica que causa enanismo al afectar el crecimiento \u00f3seo. Se autonombr\u00f3 \u00abel original\u00bb porque afirmaba haber usado el apodo desde el inicio de su trayectoria, inspirando a otros bailarines que lo imitaban para entretener al p\u00fablico. En entrevistas, como una para <em>Del barrio para el barrio TV<\/em>, explicaba: \u00abToda la gente ac\u00e1 en Puebla saben qui\u00e9n es el mero mero y el original, los dem\u00e1s lo copian [&#8230;] para que las personas disfruten\u00bb. Respetaba no disfrazarse de personajes como los de <em>El Chavo del 8<\/em> por admiraci\u00f3n a Chespirito y Florinda Meza, y se presentaba como un artista humilde que bailaba para conectar con la gente.<\/p>\n\n\n\n<p>Su partida ha conmocionado a la comunidad sonidera de Puebla y m\u00e1s all\u00e1, dejando un legado de alegr\u00eda y carisma en las fiestas y bailes populares. Las autoridades contin\u00faan investigando, y se espera el informe forense en las pr\u00f3ximas horas para esclarecer los hechos.<\/p>\n","protected":false},"excerpt":{"rendered":"<div class=\"mh-excerpt\"><p>Francisco Pineda P\u00e9rez, mejor conocido como &#8216;Medio Metro Original&#8217; o &#8216;Medio Metro Poblano&#8217;, un ic\u00f3nico bailar\u00edn de la escena sonidera con m\u00e1s de 21 a\u00f1os <a class=\"mh-excerpt-more\" href=\"https:\/\/interaccioninformativa.mx\/index.php\/2025\/10\/21\/causa-de-muerte-de-medio-metro-original-el-bailarin-de-sonideros-hallado-sin-vida-en-un-canal-de-puebla\/\" title=\"Causa de muerte de &#8216;Medio Metro Original&#8217;: el bailar\u00edn de sonideros hallado sin vida en un canal de Puebla\">[&#8230;]<\/a><\/p>\n<\/div>","protected":false},"author":1,"featured_media":1509,"comment_status":"open","ping_status":"closed","sticky":false,"template":"","format":"standard","meta":{"footnotes":""},"categories":[1],"tags":[],"class_list":["post-1508","post","type-post","status-publish","format-standard","has-post-thumbnail","hentry","category-noticias"],"_links":{"self":[{"href":"https:\/\/interaccioninformativa.mx\/index.php\/wp-json\/wp\/v2\/posts\/1508","targetHints":{"allow":["GET"]}}],"collection":[{"href":"https:\/\/interaccioninformativa.mx\/index.php\/wp-json\/wp\/v2\/posts"}],"about":[{"href":"https:\/\/interaccioninformativa.mx\/index.php\/wp-json\/wp\/v2\/types\/post"}],"author":[{"embeddable":true,"href":"https:\/\/interaccioninformativa.mx\/index.php\/wp-json\/wp\/v2\/users\/1"}],"replies":[{"embeddable":true,"href":"https:\/\/interaccioninformativa.mx\/index.php\/wp-json\/wp\/v2\/comments?post=1508"}],"version-history":[{"count":1,"href":"https:\/\/interaccioninformativa.mx\/index.php\/wp-json\/wp\/v2\/posts\/1508\/revisions"}],"predecessor-version":[{"id":1510,"href":"https:\/\/interaccioninformativa.mx\/index.php\/wp-json\/wp\/v2\/posts\/1508\/revisions\/1510"}],"wp:featuredmedia":[{"embeddable":true,"href":"https:\/\/interaccioninformativa.mx\/index.php\/wp-json\/wp\/v2\/media\/1509"}],"wp:attachment":[{"href":"https:\/\/interaccioninformativa.mx\/index.php\/wp-json\/wp\/v2\/media?parent=1508"}],"wp:term":[{"taxonomy":"category","embeddable":true,"href":"https:\/\/interaccioninformativa.mx\/index.php\/wp-json\/wp\/v2\/categories?post=1508"},{"taxonomy":"post_tag","embeddable":true,"href":"https:\/\/interaccioninformativa.mx\/index.php\/wp-json\/wp\/v2\/tags?post=1508"}],"curies":[{"name":"wp","href":"https:\/\/api.w.org\/{rel}","templated":true}]}}