{"id":1511,"date":"2025-10-21T16:36:56","date_gmt":"2025-10-21T16:36:56","guid":{"rendered":"https:\/\/interaccioninformativa.mx\/?p=1511"},"modified":"2025-10-21T16:36:56","modified_gmt":"2025-10-21T16:36:56","slug":"eleccion-de-sanae-takaichi-la-conservadora-de-linea-dura-se-convierte-en-la-primera-mujer-primera-ministra-de-japon","status":"publish","type":"post","link":"https:\/\/interaccioninformativa.mx\/index.php\/2025\/10\/21\/eleccion-de-sanae-takaichi-la-conservadora-de-linea-dura-se-convierte-en-la-primera-mujer-primera-ministra-de-japon\/","title":{"rendered":"Elecci\u00f3n de Sanae Takaichi: La conservadora de l\u00ednea dura se convierte en la primera mujer primera ministra de Jap\u00f3n"},"content":{"rendered":"\n<figure class=\"wp-block-image size-large\"><img loading=\"lazy\" decoding=\"async\" width=\"1024\" height=\"576\" src=\"https:\/\/interaccioninformativa.mx\/wp-content\/uploads\/2025\/10\/gettyimages-2241948662-20251021061930844-1024x576.avif\" alt=\"\" class=\"wp-image-1512\" srcset=\"https:\/\/interaccioninformativa.mx\/wp-content\/uploads\/2025\/10\/gettyimages-2241948662-20251021061930844-1024x576.avif 1024w, https:\/\/interaccioninformativa.mx\/wp-content\/uploads\/2025\/10\/gettyimages-2241948662-20251021061930844-300x169.avif 300w, https:\/\/interaccioninformativa.mx\/wp-content\/uploads\/2025\/10\/gettyimages-2241948662-20251021061930844-768x432.avif 768w, https:\/\/interaccioninformativa.mx\/wp-content\/uploads\/2025\/10\/gettyimages-2241948662-20251021061930844-678x381.avif 678w, https:\/\/interaccioninformativa.mx\/wp-content\/uploads\/2025\/10\/gettyimages-2241948662-20251021061930844.avif 1160w\" sizes=\"auto, (max-width: 1024px) 100vw, 1024px\" \/><\/figure>\n\n\n\n<p>En un hito hist\u00f3rico para la pol\u00edtica japonesa, el Parlamento de Jap\u00f3n eligi\u00f3 este martes 21 de octubre de 2025 a Sanae Takaichi como la primera mujer primera ministra del pa\u00eds, reemplazando a Shigeru Ishiba tras solo tres meses en el cargo. La conservadora de 64 a\u00f1os, conocida por su postura de l\u00ednea dura en temas de seguridad nacional y revisionismo hist\u00f3rico, asumi\u00f3 el liderazgo del Partido Liberal Democr\u00e1tico (PLD) el 4 de octubre y fue confirmada hoy por la Dieta Nacional, poniendo fin a un per\u00edodo de inestabilidad pol\u00edtica marcado por esc\u00e1ndalos y la disoluci\u00f3n de la coalici\u00f3n con el Komeito.<\/p>\n\n\n\n<h4 class=\"wp-block-heading\">Detalles de la elecci\u00f3n y el contexto pol\u00edtico<\/h4>\n\n\n\n<ul class=\"wp-block-list\">\n<li><strong>Victoria en la presidencia del PLD<\/strong>: Takaichi anunci\u00f3 su candidatura el 18 de septiembre de 2025, posicion\u00e1ndose como una \u00abconservadora moderada\u00bb para atraer votos amplios. En la elecci\u00f3n interna del PLD del 4 de octubre, obtuvo 183 votos (31,07%) en la primera ronda, superando a Shinjir\u014d Koizumi (164 votos, 27,84%), y gan\u00f3 el balotaje con el 54,25% de los sufragios. Su triunfo impuls\u00f3 un repunte del 4% en el \u00edndice Nikkei 225, alcanzando un r\u00e9cord por encima de las 47.000 unidades, mientras el yen se depreciaba un 1,8% frente al d\u00f3lar, avivando especulaciones sobre una posible tolerancia a alzas en las tasas del Banco de Jap\u00f3n.<\/li>\n\n\n\n<li><strong>Cambio en las coaliciones<\/strong>: El l\u00edder del Komeito, Tetsuo Saito, anunci\u00f3 el 10 de octubre la salida de la alianza de 26 a\u00f1os con el PLD debido a desacuerdos con el liderazgo de Takaichi y el esc\u00e1ndalo de fondos ocultos del partido, lo que retras\u00f3 la votaci\u00f3n para primera ministra del 15 al 21 de octubre. Para formar gobierno, Takaichi negoci\u00f3 r\u00e1pidamente una nueva coalici\u00f3n con el Partido de la Innovaci\u00f3n de Jap\u00f3n (JIP), firmando un acuerdo el 20 de octubre con su l\u00edder, Hirofumi Yoshimura, asegurando una mayor\u00eda en la Dieta.<\/li>\n\n\n\n<li><strong>Confirmaci\u00f3n parlamentaria<\/strong>: En la sesi\u00f3n de hoy, Takaichi fue elegida con el respaldo de la coalici\u00f3n PLD-JIP, convirti\u00e9ndose en la 102\u00aa primera ministra de Jap\u00f3n y la primera originaria de la prefectura de Nara. Revel\u00f3 su gabinete, manteniendo figuras clave como Tar\u014d As\u014d como vicepresidente del PLD y Shun&#8217;ichi Suzuki como secretario general.<\/li>\n<\/ul>\n\n\n\n<p>Esta elecci\u00f3n llega en medio de un \u00abvac\u00edo pol\u00edtico\u00bb tras la derrota electoral del PLD en julio de 2024 y la renuncia de Ishiba, y representa un giro hacia pol\u00edticas m\u00e1s agresivas en defensa y econom\u00eda.<\/p>\n\n\n\n<h4 class=\"wp-block-heading\"><\/h4>\n","protected":false},"excerpt":{"rendered":"<div class=\"mh-excerpt\"><p>En un hito hist\u00f3rico para la pol\u00edtica japonesa, el Parlamento de Jap\u00f3n eligi\u00f3 este martes 21 de octubre de 2025 a Sanae Takaichi como la <a class=\"mh-excerpt-more\" href=\"https:\/\/interaccioninformativa.mx\/index.php\/2025\/10\/21\/eleccion-de-sanae-takaichi-la-conservadora-de-linea-dura-se-convierte-en-la-primera-mujer-primera-ministra-de-japon\/\" title=\"Elecci\u00f3n de Sanae Takaichi: La conservadora de l\u00ednea dura se convierte en la primera mujer primera ministra de Jap\u00f3n\">[&#8230;]<\/a><\/p>\n<\/div>","protected":false},"author":1,"featured_media":1512,"comment_status":"open","ping_status":"closed","sticky":false,"template":"","format":"standard","meta":{"footnotes":""},"categories":[1],"tags":[],"class_list":["post-1511","post","type-post","status-publish","format-standard","has-post-thumbnail","hentry","category-noticias"],"_links":{"self":[{"href":"https:\/\/interaccioninformativa.mx\/index.php\/wp-json\/wp\/v2\/posts\/1511","targetHints":{"allow":["GET"]}}],"collection":[{"href":"https:\/\/interaccioninformativa.mx\/index.php\/wp-json\/wp\/v2\/posts"}],"about":[{"href":"https:\/\/interaccioninformativa.mx\/index.php\/wp-json\/wp\/v2\/types\/post"}],"author":[{"embeddable":true,"href":"https:\/\/interaccioninformativa.mx\/index.php\/wp-json\/wp\/v2\/users\/1"}],"replies":[{"embeddable":true,"href":"https:\/\/interaccioninformativa.mx\/index.php\/wp-json\/wp\/v2\/comments?post=1511"}],"version-history":[{"count":1,"href":"https:\/\/interaccioninformativa.mx\/index.php\/wp-json\/wp\/v2\/posts\/1511\/revisions"}],"predecessor-version":[{"id":1513,"href":"https:\/\/interaccioninformativa.mx\/index.php\/wp-json\/wp\/v2\/posts\/1511\/revisions\/1513"}],"wp:featuredmedia":[{"embeddable":true,"href":"https:\/\/interaccioninformativa.mx\/index.php\/wp-json\/wp\/v2\/media\/1512"}],"wp:attachment":[{"href":"https:\/\/interaccioninformativa.mx\/index.php\/wp-json\/wp\/v2\/media?parent=1511"}],"wp:term":[{"taxonomy":"category","embeddable":true,"href":"https:\/\/interaccioninformativa.mx\/index.php\/wp-json\/wp\/v2\/categories?post=1511"},{"taxonomy":"post_tag","embeddable":true,"href":"https:\/\/interaccioninformativa.mx\/index.php\/wp-json\/wp\/v2\/tags?post=1511"}],"curies":[{"name":"wp","href":"https:\/\/api.w.org\/{rel}","templated":true}]}}