{"id":1518,"date":"2025-10-22T16:22:12","date_gmt":"2025-10-22T16:22:12","guid":{"rendered":"https:\/\/interaccioninformativa.mx\/?p=1518"},"modified":"2025-10-22T16:22:12","modified_gmt":"2025-10-22T16:22:12","slug":"el-morral-cae-en-culiacan-el-operador-letal-de-los-chapitos-responsable-de-brutales-masacres","status":"publish","type":"post","link":"https:\/\/interaccioninformativa.mx\/index.php\/2025\/10\/22\/el-morral-cae-en-culiacan-el-operador-letal-de-los-chapitos-responsable-de-brutales-masacres\/","title":{"rendered":"El Morral cae en Culiac\u00e1n: El operador letal de Los Chapitos, responsable de brutales masacres"},"content":{"rendered":"\n<figure class=\"wp-block-image size-full\"><img loading=\"lazy\" decoding=\"async\" width=\"992\" height=\"558\" src=\"https:\/\/interaccioninformativa.mx\/wp-content\/uploads\/2025\/10\/SIUFZXOCXNB55OQJZOAHSFOGCM.avif\" alt=\"\" class=\"wp-image-1519\" srcset=\"https:\/\/interaccioninformativa.mx\/wp-content\/uploads\/2025\/10\/SIUFZXOCXNB55OQJZOAHSFOGCM.avif 992w, https:\/\/interaccioninformativa.mx\/wp-content\/uploads\/2025\/10\/SIUFZXOCXNB55OQJZOAHSFOGCM-300x169.avif 300w, https:\/\/interaccioninformativa.mx\/wp-content\/uploads\/2025\/10\/SIUFZXOCXNB55OQJZOAHSFOGCM-768x432.avif 768w, https:\/\/interaccioninformativa.mx\/wp-content\/uploads\/2025\/10\/SIUFZXOCXNB55OQJZOAHSFOGCM-678x381.avif 678w\" sizes=\"auto, (max-width: 992px) 100vw, 992px\" \/><\/figure>\n\n\n\n<p>Luis Ezequiel Rubio Rodr\u00edguez, conocido como \u00abEl Morral\u00bb, de 32 a\u00f1os y originario de Culiac\u00e1n, Sinaloa, era considerado un operador de alto nivel en la facci\u00f3n de \u00abLos Chapitos\u00bb \u2014hijos de Joaqu\u00edn \u00abEl Chapo\u00bb Guzm\u00e1n\u2014 dentro del C\u00e1rtel de Sinaloa. Su rol principal involucraba la coordinaci\u00f3n de acciones de seguridad perimetral, log\u00edstica en el trasiego de drogas y, sobre todo, la ejecuci\u00f3n de operativos violentos, incluyendo varias masacres y homicidios selectivos en la regi\u00f3n del Pac\u00edfico norte. Entre las acusaciones en su contra destacan su presunta participaci\u00f3n en ataques armados contra rivales del c\u00e1rtel, como la facci\u00f3n de \u00abLa Mayiza\u00bb, y en el control territorial mediante intimidaci\u00f3n y ejecuciones en zonas clave de Sinaloa.<\/p>\n\n\n\n<p>Este 22 de octubre de 2025, alrededor de las 20:00 horas, \u00abEl Morral\u00bb fue abatido durante un intenso operativo conjunto entre la Secretar\u00eda de Seguridad y Protecci\u00f3n Ciudadana (SSPC) federal, la Guardia Nacional, la Secretar\u00eda de la Defensa Nacional (Sedena) y autoridades estatales de Sinaloa, en el fraccionamiento Bonanza de Culiac\u00e1n. El enfrentamiento inici\u00f3 cuando elementos de las fuerzas de seguridad intentaron detener a la c\u00e9lula criminal en una vivienda, pero \u00abEl Morral\u00bb y sus c\u00f3mplices respondieron con fuego de armas largas, lo que deriv\u00f3 en un tiroteo de varios minutos. El l\u00edder de la c\u00e9lula perdi\u00f3 la vida en el lugar, mientras que otros integrantes fueron neutralizados o capturados.<\/p>\n\n\n\n<p>En el mismo suceso, se recapturaron a dos sicarios de alto perfil: Jos\u00e9 Manuel \u00abN\u00bb, alias \u00abEl Mono Canelo\u00bb, y Juan Carlos \u00abN\u00bb, alias \u00abEl Chango\u00bb, ambos liberados previamente por un juez federal en julio de 2025 pese a cargos por posesi\u00f3n de armas y narcotr\u00e1fico. Adem\u00e1s, cuatro c\u00f3mplices m\u00e1s fueron detenidos, sumando un total de seis capturas. Las autoridades aseguraron ocho armas de fuego largas (incluyendo fusiles AK-47 y AR-15), cargadores, cartuchos \u00fatiles, dos veh\u00edculos blindados y equipo t\u00e1ctico, lo que representa un golpe significativo a la estructura operativa de \u00abLos Chapitos\u00bb en la capital sinaloense.<\/p>\n\n\n\n<p>Omar Garc\u00eda Harfuch, titular de la SSPC, confirm\u00f3 los detalles en una conferencia de prensa, destacando que el operativo se bas\u00f3 en inteligencia de campo y que no se reportaron bajas del lado de las fuerzas de seguridad. Este evento se enmarca en una escalada de violencia en Sinaloa por la disputa interna en el C\u00e1rtel de Sinaloa, donde \u00abLos Chapitos\u00bb buscan consolidar su dominio ante disidencias. La Procuradur\u00eda General de la Rep\u00fablica (FGR) ya investiga los cuerpos y evidencias para formalizar cargos contra los detenidos.<\/p>\n","protected":false},"excerpt":{"rendered":"<div class=\"mh-excerpt\"><p>Luis Ezequiel Rubio Rodr\u00edguez, conocido como \u00abEl Morral\u00bb, de 32 a\u00f1os y originario de Culiac\u00e1n, Sinaloa, era considerado un operador de alto nivel en la <a class=\"mh-excerpt-more\" href=\"https:\/\/interaccioninformativa.mx\/index.php\/2025\/10\/22\/el-morral-cae-en-culiacan-el-operador-letal-de-los-chapitos-responsable-de-brutales-masacres\/\" title=\"El Morral cae en Culiac\u00e1n: El operador letal de Los Chapitos, responsable de brutales masacres\">[&#8230;]<\/a><\/p>\n<\/div>","protected":false},"author":1,"featured_media":1519,"comment_status":"open","ping_status":"closed","sticky":false,"template":"","format":"standard","meta":{"footnotes":""},"categories":[1],"tags":[],"class_list":["post-1518","post","type-post","status-publish","format-standard","has-post-thumbnail","hentry","category-noticias"],"_links":{"self":[{"href":"https:\/\/interaccioninformativa.mx\/index.php\/wp-json\/wp\/v2\/posts\/1518","targetHints":{"allow":["GET"]}}],"collection":[{"href":"https:\/\/interaccioninformativa.mx\/index.php\/wp-json\/wp\/v2\/posts"}],"about":[{"href":"https:\/\/interaccioninformativa.mx\/index.php\/wp-json\/wp\/v2\/types\/post"}],"author":[{"embeddable":true,"href":"https:\/\/interaccioninformativa.mx\/index.php\/wp-json\/wp\/v2\/users\/1"}],"replies":[{"embeddable":true,"href":"https:\/\/interaccioninformativa.mx\/index.php\/wp-json\/wp\/v2\/comments?post=1518"}],"version-history":[{"count":1,"href":"https:\/\/interaccioninformativa.mx\/index.php\/wp-json\/wp\/v2\/posts\/1518\/revisions"}],"predecessor-version":[{"id":1520,"href":"https:\/\/interaccioninformativa.mx\/index.php\/wp-json\/wp\/v2\/posts\/1518\/revisions\/1520"}],"wp:featuredmedia":[{"embeddable":true,"href":"https:\/\/interaccioninformativa.mx\/index.php\/wp-json\/wp\/v2\/media\/1519"}],"wp:attachment":[{"href":"https:\/\/interaccioninformativa.mx\/index.php\/wp-json\/wp\/v2\/media?parent=1518"}],"wp:term":[{"taxonomy":"category","embeddable":true,"href":"https:\/\/interaccioninformativa.mx\/index.php\/wp-json\/wp\/v2\/categories?post=1518"},{"taxonomy":"post_tag","embeddable":true,"href":"https:\/\/interaccioninformativa.mx\/index.php\/wp-json\/wp\/v2\/tags?post=1518"}],"curies":[{"name":"wp","href":"https:\/\/api.w.org\/{rel}","templated":true}]}}