{"id":1532,"date":"2025-10-23T16:37:42","date_gmt":"2025-10-23T16:37:42","guid":{"rendered":"https:\/\/interaccioninformativa.mx\/?p=1532"},"modified":"2025-10-23T16:37:42","modified_gmt":"2025-10-23T16:37:42","slug":"garcia-harfuch-reporta-segunda-detencion-en-el-homicidio-de-bernardo-bravo-lider-limonero-de-michoacan","status":"publish","type":"post","link":"https:\/\/interaccioninformativa.mx\/index.php\/2025\/10\/23\/garcia-harfuch-reporta-segunda-detencion-en-el-homicidio-de-bernardo-bravo-lider-limonero-de-michoacan\/","title":{"rendered":"Garc\u00eda Harfuch reporta segunda detenci\u00f3n en el homicidio de Bernardo Bravo, l\u00edder limonero de Michoac\u00e1n."},"content":{"rendered":"\n<figure class=\"wp-block-image size-full\"><img loading=\"lazy\" decoding=\"async\" width=\"992\" height=\"558\" src=\"https:\/\/interaccioninformativa.mx\/wp-content\/uploads\/2025\/10\/RZ7KUOIWUJABPKZQELVWAEJFUQ-1.avif\" alt=\"\" class=\"wp-image-1533\" srcset=\"https:\/\/interaccioninformativa.mx\/wp-content\/uploads\/2025\/10\/RZ7KUOIWUJABPKZQELVWAEJFUQ-1.avif 992w, https:\/\/interaccioninformativa.mx\/wp-content\/uploads\/2025\/10\/RZ7KUOIWUJABPKZQELVWAEJFUQ-1-300x169.avif 300w, https:\/\/interaccioninformativa.mx\/wp-content\/uploads\/2025\/10\/RZ7KUOIWUJABPKZQELVWAEJFUQ-1-768x432.avif 768w, https:\/\/interaccioninformativa.mx\/wp-content\/uploads\/2025\/10\/RZ7KUOIWUJABPKZQELVWAEJFUQ-1-678x381.avif 678w\" sizes=\"auto, (max-width: 992px) 100vw, 992px\" \/><\/figure>\n\n\n\n<p>Este mi\u00e9rcoles, Omar Garc\u00eda Harfuch, secretario de Seguridad y Protecci\u00f3n Ciudadana (SSPC), inform\u00f3 sobre la captura de un segundo presunto responsable en el homicidio de Bernardo Bravo, dirigente de productores de lim\u00f3n en Michoac\u00e1n. La detenci\u00f3n se realiz\u00f3 en coordinaci\u00f3n con autoridades estatales y el Gabinete de Seguridad federal.<\/p>\n\n\n\n<p>Durante una conferencia, Harfuch respondi\u00f3 a una pregunta sobre la prevenci\u00f3n de extorsiones en el sector agr\u00edcola: \u00abEl cuestionamiento de c\u00f3mo evitar la extorsi\u00f3n a productores de campo, y este lamentable homicidio al que usted se refiri\u00f3, me permite mencionar que hace unos momentos, en colaboraci\u00f3n con el Gabinete de Seguridad, se logr\u00f3 otra captura relacionada con este caso. Las operaciones continuar\u00e1n\u00bb.<\/p>\n\n\n\n<p>El funcionario enfatiz\u00f3 que las acciones del Gabinete y las autoridades michoacanas se intensificar\u00e1n para capturar a todos los involucrados en este crimen y en otros actos de violencia en la regi\u00f3n. \u00abExisten varios delitos que no reciben la misma atenci\u00f3n medi\u00e1tica que este homicidio, pero nuestro compromiso es detener a todos los responsables de la violencia en esa zona\u00bb, a\u00f1adi\u00f3.<\/p>\n","protected":false},"excerpt":{"rendered":"<div class=\"mh-excerpt\"><p>Este mi\u00e9rcoles, Omar Garc\u00eda Harfuch, secretario de Seguridad y Protecci\u00f3n Ciudadana (SSPC), inform\u00f3 sobre la captura de un segundo presunto responsable en el homicidio de <a class=\"mh-excerpt-more\" href=\"https:\/\/interaccioninformativa.mx\/index.php\/2025\/10\/23\/garcia-harfuch-reporta-segunda-detencion-en-el-homicidio-de-bernardo-bravo-lider-limonero-de-michoacan\/\" title=\"Garc\u00eda Harfuch reporta segunda detenci\u00f3n en el homicidio de Bernardo Bravo, l\u00edder limonero de Michoac\u00e1n.\">[&#8230;]<\/a><\/p>\n<\/div>","protected":false},"author":1,"featured_media":1533,"comment_status":"open","ping_status":"closed","sticky":false,"template":"","format":"standard","meta":{"footnotes":""},"categories":[1],"tags":[],"class_list":["post-1532","post","type-post","status-publish","format-standard","has-post-thumbnail","hentry","category-noticias"],"_links":{"self":[{"href":"https:\/\/interaccioninformativa.mx\/index.php\/wp-json\/wp\/v2\/posts\/1532","targetHints":{"allow":["GET"]}}],"collection":[{"href":"https:\/\/interaccioninformativa.mx\/index.php\/wp-json\/wp\/v2\/posts"}],"about":[{"href":"https:\/\/interaccioninformativa.mx\/index.php\/wp-json\/wp\/v2\/types\/post"}],"author":[{"embeddable":true,"href":"https:\/\/interaccioninformativa.mx\/index.php\/wp-json\/wp\/v2\/users\/1"}],"replies":[{"embeddable":true,"href":"https:\/\/interaccioninformativa.mx\/index.php\/wp-json\/wp\/v2\/comments?post=1532"}],"version-history":[{"count":1,"href":"https:\/\/interaccioninformativa.mx\/index.php\/wp-json\/wp\/v2\/posts\/1532\/revisions"}],"predecessor-version":[{"id":1534,"href":"https:\/\/interaccioninformativa.mx\/index.php\/wp-json\/wp\/v2\/posts\/1532\/revisions\/1534"}],"wp:featuredmedia":[{"embeddable":true,"href":"https:\/\/interaccioninformativa.mx\/index.php\/wp-json\/wp\/v2\/media\/1533"}],"wp:attachment":[{"href":"https:\/\/interaccioninformativa.mx\/index.php\/wp-json\/wp\/v2\/media?parent=1532"}],"wp:term":[{"taxonomy":"category","embeddable":true,"href":"https:\/\/interaccioninformativa.mx\/index.php\/wp-json\/wp\/v2\/categories?post=1532"},{"taxonomy":"post_tag","embeddable":true,"href":"https:\/\/interaccioninformativa.mx\/index.php\/wp-json\/wp\/v2\/tags?post=1532"}],"curies":[{"name":"wp","href":"https:\/\/api.w.org\/{rel}","templated":true}]}}