{"id":1541,"date":"2025-10-24T17:32:24","date_gmt":"2025-10-24T17:32:24","guid":{"rendered":"https:\/\/interaccioninformativa.mx\/?p=1541"},"modified":"2025-10-24T17:32:24","modified_gmt":"2025-10-24T17:32:24","slug":"trump-contra-los-carteles-mandaron-en-mexico-pero-alaba-la-valentia-de-sheinbaum","status":"publish","type":"post","link":"https:\/\/interaccioninformativa.mx\/index.php\/2025\/10\/24\/trump-contra-los-carteles-mandaron-en-mexico-pero-alaba-la-valentia-de-sheinbaum\/","title":{"rendered":"Trump contra los c\u00e1rteles: &#8216;Mandaron en M\u00e9xico&#8217;, pero alaba la &#8216;valent\u00eda&#8217; de Sheinbaum"},"content":{"rendered":"\n<figure class=\"wp-block-image size-large\"><img loading=\"lazy\" decoding=\"async\" width=\"1024\" height=\"640\" src=\"https:\/\/interaccioninformativa.mx\/wp-content\/uploads\/2025\/10\/trump-sheinbaum-carteles-gobiernan-mexico-muy-valiente-23102025-1024x640.jpg\" alt=\"\" class=\"wp-image-1542\" srcset=\"https:\/\/interaccioninformativa.mx\/wp-content\/uploads\/2025\/10\/trump-sheinbaum-carteles-gobiernan-mexico-muy-valiente-23102025-1024x640.jpg 1024w, https:\/\/interaccioninformativa.mx\/wp-content\/uploads\/2025\/10\/trump-sheinbaum-carteles-gobiernan-mexico-muy-valiente-23102025-300x188.jpg 300w, https:\/\/interaccioninformativa.mx\/wp-content\/uploads\/2025\/10\/trump-sheinbaum-carteles-gobiernan-mexico-muy-valiente-23102025-768x480.jpg 768w, https:\/\/interaccioninformativa.mx\/wp-content\/uploads\/2025\/10\/trump-sheinbaum-carteles-gobiernan-mexico-muy-valiente-23102025.jpg 1200w\" sizes=\"auto, (max-width: 1024px) 100vw, 1024px\" \/><\/figure>\n\n\n\n<p>En su segundo mandato, el presidente Donald Trump design\u00f3 al C\u00e1rtel de Sinaloa y al Jalisco Nueva Generaci\u00f3n como organizaciones terroristas, afirmando que \u00abgobiernan M\u00e9xico\u00bb y generan miedo en el pa\u00eds. Sin embargo, elogi\u00f3 a la presidenta Claudia Sheinbaum como una \u00abmujer extraordinaria y muy valiente\u00bb, urgiendo a M\u00e9xico a defenderse de estos grupos criminales.<\/p>\n","protected":false},"excerpt":{"rendered":"<div class=\"mh-excerpt\"><p>En su segundo mandato, el presidente Donald Trump design\u00f3 al C\u00e1rtel de Sinaloa y al Jalisco Nueva Generaci\u00f3n como organizaciones terroristas, afirmando que \u00abgobiernan M\u00e9xico\u00bb <a class=\"mh-excerpt-more\" href=\"https:\/\/interaccioninformativa.mx\/index.php\/2025\/10\/24\/trump-contra-los-carteles-mandaron-en-mexico-pero-alaba-la-valentia-de-sheinbaum\/\" title=\"Trump contra los c\u00e1rteles: &#8216;Mandaron en M\u00e9xico&#8217;, pero alaba la &#8216;valent\u00eda&#8217; de Sheinbaum\">[&#8230;]<\/a><\/p>\n<\/div>","protected":false},"author":1,"featured_media":1542,"comment_status":"open","ping_status":"closed","sticky":false,"template":"","format":"standard","meta":{"footnotes":""},"categories":[1],"tags":[],"class_list":["post-1541","post","type-post","status-publish","format-standard","has-post-thumbnail","hentry","category-noticias"],"_links":{"self":[{"href":"https:\/\/interaccioninformativa.mx\/index.php\/wp-json\/wp\/v2\/posts\/1541","targetHints":{"allow":["GET"]}}],"collection":[{"href":"https:\/\/interaccioninformativa.mx\/index.php\/wp-json\/wp\/v2\/posts"}],"about":[{"href":"https:\/\/interaccioninformativa.mx\/index.php\/wp-json\/wp\/v2\/types\/post"}],"author":[{"embeddable":true,"href":"https:\/\/interaccioninformativa.mx\/index.php\/wp-json\/wp\/v2\/users\/1"}],"replies":[{"embeddable":true,"href":"https:\/\/interaccioninformativa.mx\/index.php\/wp-json\/wp\/v2\/comments?post=1541"}],"version-history":[{"count":1,"href":"https:\/\/interaccioninformativa.mx\/index.php\/wp-json\/wp\/v2\/posts\/1541\/revisions"}],"predecessor-version":[{"id":1543,"href":"https:\/\/interaccioninformativa.mx\/index.php\/wp-json\/wp\/v2\/posts\/1541\/revisions\/1543"}],"wp:featuredmedia":[{"embeddable":true,"href":"https:\/\/interaccioninformativa.mx\/index.php\/wp-json\/wp\/v2\/media\/1542"}],"wp:attachment":[{"href":"https:\/\/interaccioninformativa.mx\/index.php\/wp-json\/wp\/v2\/media?parent=1541"}],"wp:term":[{"taxonomy":"category","embeddable":true,"href":"https:\/\/interaccioninformativa.mx\/index.php\/wp-json\/wp\/v2\/categories?post=1541"},{"taxonomy":"post_tag","embeddable":true,"href":"https:\/\/interaccioninformativa.mx\/index.php\/wp-json\/wp\/v2\/tags?post=1541"}],"curies":[{"name":"wp","href":"https:\/\/api.w.org\/{rel}","templated":true}]}}