{"id":1552,"date":"2025-10-25T16:25:43","date_gmt":"2025-10-25T16:25:43","guid":{"rendered":"https:\/\/interaccioninformativa.mx\/?p=1552"},"modified":"2025-10-25T16:25:43","modified_gmt":"2025-10-25T16:25:43","slug":"el-huracan-melissa-se-acerca-peligrosamente-a-jamaica-y-cuba-generando-alertas-por-vientos-fuertes-y-lluvias-intensas","status":"publish","type":"post","link":"https:\/\/interaccioninformativa.mx\/index.php\/2025\/10\/25\/el-huracan-melissa-se-acerca-peligrosamente-a-jamaica-y-cuba-generando-alertas-por-vientos-fuertes-y-lluvias-intensas\/","title":{"rendered":"El hurac\u00e1n Melissa se acerca peligrosamente a Jamaica y Cuba, generando alertas por vientos fuertes y lluvias intensas."},"content":{"rendered":"\n<figure class=\"wp-block-image size-large\"><img loading=\"lazy\" decoding=\"async\" width=\"1024\" height=\"448\" src=\"https:\/\/interaccioninformativa.mx\/wp-content\/uploads\/2025\/10\/74492306_1004-1-1024x448.webp\" alt=\"\" class=\"wp-image-1553\" srcset=\"https:\/\/interaccioninformativa.mx\/wp-content\/uploads\/2025\/10\/74492306_1004-1-1024x448.webp 1024w, https:\/\/interaccioninformativa.mx\/wp-content\/uploads\/2025\/10\/74492306_1004-1-300x131.webp 300w, https:\/\/interaccioninformativa.mx\/wp-content\/uploads\/2025\/10\/74492306_1004-1-768x336.webp 768w, https:\/\/interaccioninformativa.mx\/wp-content\/uploads\/2025\/10\/74492306_1004-1.webp 1200w\" sizes=\"auto, (max-width: 1024px) 100vw, 1024px\" \/><\/figure>\n\n\n\n<p>El Centro Nacional de Huracanes (NHC) de Estados Unidos emiti\u00f3 este viernes (24 de octubre de 2025) una advertencia urgente sobre la tormenta tropical Melissa, que podr\u00eda intensificarse en hurac\u00e1n y golpear Jamaica el martes y Cuba el mi\u00e9rcoles. El cicl\u00f3n ya ha causado estragos en Hait\u00ed, con al menos tres fallecidos, y en Rep\u00fablica Dominicana, donde un mill\u00f3n de usuarios se quedaron sin suministro de agua.<\/p>\n\n\n\n<p>Seg\u00fan el bolet\u00edn del NHC, la trayectoria de Melissa \u00absigue siendo m\u00e1s impredecible de lo normal\u00bb, pero el riesgo se agrava para Cuba, donde se esperan \u00ablluvias torrenciales, vientos destructivos y marejadas cicl\u00f3nicas\u00bb. Las autoridades cubanas han activado protocolos de emergencia en al menos dos provincias del centro y oriente de la isla, seg\u00fan un comunicado del Estado Mayor Nacional de la Defensa Civil, que califica la situaci\u00f3n como un \u00abpeligro potencial para las regiones orientales\u00bb.<\/p>\n\n\n\n<h4 class=\"wp-block-heading\">Medidas preventivas en Cuba: Evacuaciones masivas en marcha<\/h4>\n\n\n\n<ul class=\"wp-block-list\">\n<li><strong>Guant\u00e1namo (extremo este)<\/strong>: Iniciada la evacuaci\u00f3n de aproximadamente 11.000 residentes en zonas vulnerables, seg\u00fan report\u00f3 un funcionario local al noticiero estatal. Paralelamente, se acelera la recolecci\u00f3n de caf\u00e9 para salvaguardar la producci\u00f3n exportable clave.<\/li>\n\n\n\n<li><strong>Camag\u00fcey (centro de la isla, costa sur)<\/strong>: Preparativos para desalojar a unas 12.000 personas en \u00e1reas de alto riesgo, con \u00e9nfasis en la protecci\u00f3n de vidas y bienes.<\/li>\n<\/ul>\n\n\n\n<p>En Jamaica, el NHC urge a \u00abacelerar los preparativos para resguardar vidas y propiedades\u00bb, ya que vientos intensos e inundaciones podr\u00edan iniciarse este fin de semana.<\/p>\n\n\n\n<h4 class=\"wp-block-heading\">Alertas en Hait\u00ed y Rep\u00fablica Dominicana<\/h4>\n\n\n\n<p>El hurac\u00e1n amenaza con provocaciones \u00abque ponen en riesgo la vida\u00bb, como inundaciones repentinas y deslizamientos de tierra en ambas naciones. Melissa, que se form\u00f3 como tormenta tropical el martes pasado, podr\u00eda escalar a hurac\u00e1n para el fin de semana, exacerbando los da\u00f1os ya reportados en la regi\u00f3n. Las autoridades locales monitorean de cerca su evoluci\u00f3n para mitigar impactos adicionales.<\/p>\n","protected":false},"excerpt":{"rendered":"<div class=\"mh-excerpt\"><p>El Centro Nacional de Huracanes (NHC) de Estados Unidos emiti\u00f3 este viernes (24 de octubre de 2025) una advertencia urgente sobre la tormenta tropical Melissa, <a class=\"mh-excerpt-more\" href=\"https:\/\/interaccioninformativa.mx\/index.php\/2025\/10\/25\/el-huracan-melissa-se-acerca-peligrosamente-a-jamaica-y-cuba-generando-alertas-por-vientos-fuertes-y-lluvias-intensas\/\" title=\"El hurac\u00e1n Melissa se acerca peligrosamente a Jamaica y Cuba, generando alertas por vientos fuertes y lluvias intensas.\">[&#8230;]<\/a><\/p>\n<\/div>","protected":false},"author":1,"featured_media":1553,"comment_status":"open","ping_status":"closed","sticky":false,"template":"","format":"standard","meta":{"footnotes":""},"categories":[1],"tags":[],"class_list":["post-1552","post","type-post","status-publish","format-standard","has-post-thumbnail","hentry","category-noticias"],"_links":{"self":[{"href":"https:\/\/interaccioninformativa.mx\/index.php\/wp-json\/wp\/v2\/posts\/1552","targetHints":{"allow":["GET"]}}],"collection":[{"href":"https:\/\/interaccioninformativa.mx\/index.php\/wp-json\/wp\/v2\/posts"}],"about":[{"href":"https:\/\/interaccioninformativa.mx\/index.php\/wp-json\/wp\/v2\/types\/post"}],"author":[{"embeddable":true,"href":"https:\/\/interaccioninformativa.mx\/index.php\/wp-json\/wp\/v2\/users\/1"}],"replies":[{"embeddable":true,"href":"https:\/\/interaccioninformativa.mx\/index.php\/wp-json\/wp\/v2\/comments?post=1552"}],"version-history":[{"count":1,"href":"https:\/\/interaccioninformativa.mx\/index.php\/wp-json\/wp\/v2\/posts\/1552\/revisions"}],"predecessor-version":[{"id":1554,"href":"https:\/\/interaccioninformativa.mx\/index.php\/wp-json\/wp\/v2\/posts\/1552\/revisions\/1554"}],"wp:featuredmedia":[{"embeddable":true,"href":"https:\/\/interaccioninformativa.mx\/index.php\/wp-json\/wp\/v2\/media\/1553"}],"wp:attachment":[{"href":"https:\/\/interaccioninformativa.mx\/index.php\/wp-json\/wp\/v2\/media?parent=1552"}],"wp:term":[{"taxonomy":"category","embeddable":true,"href":"https:\/\/interaccioninformativa.mx\/index.php\/wp-json\/wp\/v2\/categories?post=1552"},{"taxonomy":"post_tag","embeddable":true,"href":"https:\/\/interaccioninformativa.mx\/index.php\/wp-json\/wp\/v2\/tags?post=1552"}],"curies":[{"name":"wp","href":"https:\/\/api.w.org\/{rel}","templated":true}]}}