{"id":1584,"date":"2025-10-28T16:51:52","date_gmt":"2025-10-28T16:51:52","guid":{"rendered":"https:\/\/interaccioninformativa.mx\/?p=1584"},"modified":"2025-10-28T16:51:52","modified_gmt":"2025-10-28T16:51:52","slug":"salinas-pliego-ofrece-saldar-solo-el-10-de-su-adeudo-con-el-sat-en-un-plazo-de-10-dias","status":"publish","type":"post","link":"https:\/\/interaccioninformativa.mx\/index.php\/2025\/10\/28\/salinas-pliego-ofrece-saldar-solo-el-10-de-su-adeudo-con-el-sat-en-un-plazo-de-10-dias\/","title":{"rendered":"Salinas Pliego ofrece saldar solo el 10% de su adeudo con el SAT en un plazo de 10 d\u00edas."},"content":{"rendered":"\n<figure class=\"wp-block-image size-large\"><img loading=\"lazy\" decoding=\"async\" width=\"1024\" height=\"637\" src=\"https:\/\/interaccioninformativa.mx\/wp-content\/uploads\/2025\/10\/ofrece-salinas-pliego-pagar-en-10-dias-la-decima-parte-de-lo-que-reclama-el-sat_a5f1c5e4-feec-4f15-8d80-34d429c4a5d2_medialjnimgndimagefullsize-1024x637.webp\" alt=\"\" class=\"wp-image-1585\" srcset=\"https:\/\/interaccioninformativa.mx\/wp-content\/uploads\/2025\/10\/ofrece-salinas-pliego-pagar-en-10-dias-la-decima-parte-de-lo-que-reclama-el-sat_a5f1c5e4-feec-4f15-8d80-34d429c4a5d2_medialjnimgndimagefullsize-1024x637.webp 1024w, https:\/\/interaccioninformativa.mx\/wp-content\/uploads\/2025\/10\/ofrece-salinas-pliego-pagar-en-10-dias-la-decima-parte-de-lo-que-reclama-el-sat_a5f1c5e4-feec-4f15-8d80-34d429c4a5d2_medialjnimgndimagefullsize-300x187.webp 300w, https:\/\/interaccioninformativa.mx\/wp-content\/uploads\/2025\/10\/ofrece-salinas-pliego-pagar-en-10-dias-la-decima-parte-de-lo-que-reclama-el-sat_a5f1c5e4-feec-4f15-8d80-34d429c4a5d2_medialjnimgndimagefullsize-768x478.webp 768w, https:\/\/interaccioninformativa.mx\/wp-content\/uploads\/2025\/10\/ofrece-salinas-pliego-pagar-en-10-dias-la-decima-parte-de-lo-que-reclama-el-sat_a5f1c5e4-feec-4f15-8d80-34d429c4a5d2_medialjnimgndimagefullsize.webp 1200w\" sizes=\"auto, (max-width: 1024px) 100vw, 1024px\" \/><\/figure>\n\n\n\n<p>Ricardo Salinas Pliego, presidente de Grupo Salinas, solicit\u00f3 al Servicio de Administraci\u00f3n Tributaria (SAT) una actualizaci\u00f3n precisa de la deuda fiscal de sus empresas, comprometi\u00e9ndose a liquidarla \u00aben menos de 10 d\u00edas\u00bb si se confirma el monto \u00abconforme a derecho, sin doble cobro\u00bb. Esta petici\u00f3n se hizo p\u00fablica durante la celebraci\u00f3n de su cumplea\u00f1os n\u00famero 70 el s\u00e1bado pasado en la Arena Ciudad de M\u00e9xico, donde empleados y seguidores lo ovacionaron como \u00abpresidente\u00bb.<\/p>\n\n\n\n<p>En una carta enviada al SAT el 16 de octubre de 2025, Salinas Pliego reiter\u00f3 su disposici\u00f3n a pagar, y Grupo Salinas difundi\u00f3 en redes sociales tres documentos relacionados, incluyendo una misiva anterior a la presidenta Claudia Sheinbaum de hace un a\u00f1o. En esta \u00faltima, el empresario ofrece cubrir 7 mil 600 millones de pesos \u2014derivados de resoluciones fiscales desde 2006, con un abono previo de 2 mil 700 millones en octubre de 2022\u2014, cifra que representa apenas el 10% de los 74 mil millones reclamados por el gobierno federal, seg\u00fan la procuradora fiscal Grisel Galeano en junio pasado.<\/p>\n\n\n\n<p>Sin embargo, el gobierno mexicano desminti\u00f3 cualquier acuerdo preliminar y, este lunes, la presidenta Sheinbaum acus\u00f3 a Salinas Pliego de \u00abdar uso pol\u00edtico\u00bb a la deuda para desviar la atenci\u00f3n, exhort\u00e1ndolo a pagar sin negociaciones adicionales. Paralelamente, la Suprema Corte de Justicia de la Naci\u00f3n rechaz\u00f3 solicitudes del empresario para que ministros se excusaran en juicios fiscales relacionados.<\/p>\n\n\n\n<p>Este episodio revive tensiones entre el magnate \u2014quinto hombre m\u00e1s rico de M\u00e9xico\u2014 y las autoridades, en un contexto de litigios fiscales que se remontan a m\u00e1s de una d\u00e9cada.<\/p>\n","protected":false},"excerpt":{"rendered":"<div class=\"mh-excerpt\"><p>Ricardo Salinas Pliego, presidente de Grupo Salinas, solicit\u00f3 al Servicio de Administraci\u00f3n Tributaria (SAT) una actualizaci\u00f3n precisa de la deuda fiscal de sus empresas, comprometi\u00e9ndose <a class=\"mh-excerpt-more\" href=\"https:\/\/interaccioninformativa.mx\/index.php\/2025\/10\/28\/salinas-pliego-ofrece-saldar-solo-el-10-de-su-adeudo-con-el-sat-en-un-plazo-de-10-dias\/\" title=\"Salinas Pliego ofrece saldar solo el 10% de su adeudo con el SAT en un plazo de 10 d\u00edas.\">[&#8230;]<\/a><\/p>\n<\/div>","protected":false},"author":1,"featured_media":1585,"comment_status":"open","ping_status":"closed","sticky":false,"template":"","format":"standard","meta":{"footnotes":""},"categories":[1],"tags":[],"class_list":["post-1584","post","type-post","status-publish","format-standard","has-post-thumbnail","hentry","category-noticias"],"_links":{"self":[{"href":"https:\/\/interaccioninformativa.mx\/index.php\/wp-json\/wp\/v2\/posts\/1584","targetHints":{"allow":["GET"]}}],"collection":[{"href":"https:\/\/interaccioninformativa.mx\/index.php\/wp-json\/wp\/v2\/posts"}],"about":[{"href":"https:\/\/interaccioninformativa.mx\/index.php\/wp-json\/wp\/v2\/types\/post"}],"author":[{"embeddable":true,"href":"https:\/\/interaccioninformativa.mx\/index.php\/wp-json\/wp\/v2\/users\/1"}],"replies":[{"embeddable":true,"href":"https:\/\/interaccioninformativa.mx\/index.php\/wp-json\/wp\/v2\/comments?post=1584"}],"version-history":[{"count":1,"href":"https:\/\/interaccioninformativa.mx\/index.php\/wp-json\/wp\/v2\/posts\/1584\/revisions"}],"predecessor-version":[{"id":1586,"href":"https:\/\/interaccioninformativa.mx\/index.php\/wp-json\/wp\/v2\/posts\/1584\/revisions\/1586"}],"wp:featuredmedia":[{"embeddable":true,"href":"https:\/\/interaccioninformativa.mx\/index.php\/wp-json\/wp\/v2\/media\/1585"}],"wp:attachment":[{"href":"https:\/\/interaccioninformativa.mx\/index.php\/wp-json\/wp\/v2\/media?parent=1584"}],"wp:term":[{"taxonomy":"category","embeddable":true,"href":"https:\/\/interaccioninformativa.mx\/index.php\/wp-json\/wp\/v2\/categories?post=1584"},{"taxonomy":"post_tag","embeddable":true,"href":"https:\/\/interaccioninformativa.mx\/index.php\/wp-json\/wp\/v2\/tags?post=1584"}],"curies":[{"name":"wp","href":"https:\/\/api.w.org\/{rel}","templated":true}]}}