{"id":1591,"date":"2025-10-29T16:19:35","date_gmt":"2025-10-29T16:19:35","guid":{"rendered":"https:\/\/interaccioninformativa.mx\/?p=1591"},"modified":"2025-10-29T16:20:09","modified_gmt":"2025-10-29T16:20:09","slug":"huracan-melissa-azota-jamaica-con-vientos-devastadores-y-amenaza-con-golpear-cuba-como-categoria","status":"publish","type":"post","link":"https:\/\/interaccioninformativa.mx\/index.php\/2025\/10\/29\/huracan-melissa-azota-jamaica-con-vientos-devastadores-y-amenaza-con-golpear-cuba-como-categoria\/","title":{"rendered":"Hurac\u00e1n Melissa azota Jamaica con vientos devastadores y amenaza con golpear Cuba como categor\u00eda"},"content":{"rendered":"<p><img loading=\"lazy\" decoding=\"async\" class=\"alignnone size-medium wp-image-1592\" src=\"https:\/\/interaccioninformativa.mx\/wp-content\/uploads\/2025\/10\/74531901_1004-1-300x131.webp\" alt=\"\" width=\"300\" height=\"131\" srcset=\"https:\/\/interaccioninformativa.mx\/wp-content\/uploads\/2025\/10\/74531901_1004-1-300x131.webp 300w, https:\/\/interaccioninformativa.mx\/wp-content\/uploads\/2025\/10\/74531901_1004-1-1024x448.webp 1024w, https:\/\/interaccioninformativa.mx\/wp-content\/uploads\/2025\/10\/74531901_1004-1-768x336.webp 768w, https:\/\/interaccioninformativa.mx\/wp-content\/uploads\/2025\/10\/74531901_1004-1.webp 1200w\" sizes=\"auto, (max-width: 300px) 100vw, 300px\" \/><\/p>\n<p dir=\"auto\">El imponente hurac\u00e1n Melissa impact\u00f3 Jamaica este martes (28 de octubre de 2025) con vientos huracanados de hasta 295 km\/h y aguaceros incesantes, consolid\u00e1ndose como la tormenta m\u00e1s intensa en la historia de la isla caribe\u00f1a, y ahora pone rumbo directo a Cuba.<\/p>\n<p dir=\"auto\">La cat\u00e1strofe ya ha cobrado 10 vidas: tres en Jamaica, tres en Hait\u00ed, tres en Panam\u00e1 y una en Rep\u00fablica Dominicana, todas vinculadas al caos clim\u00e1tico desatado por el fen\u00f3meno.<\/p>\n<p dir=\"auto\">Melissa azot\u00f3 Jamaica en su m\u00e1xima potencia, categor\u00eda 5, pero el Centro Nacional de Huracanes (NHC) de EE.UU. la rebaj\u00f3 a categor\u00eda 4 mientras cruzaba la isla, aunque alert\u00f3 que persiste como un \u00abmonstruo extremadamente peligroso\u00bb con r\u00e1fagas de 240 km\/h.<\/p>\n<p dir=\"auto\">Minutos despu\u00e9s, el NHC confirm\u00f3 que el ojo de la tormenta sali\u00f3 por la costa norte jamaicana, encamin\u00e1ndose hacia las provincias orientales cubanas de Granma, Santiago de Cuba y Guant\u00e1namo.<\/p>\n<p dir=\"auto\">Jamaica agoniza bajo el embate de inundaciones masivas y vendavales demoledores causados por Melissa, uno de los huracanes atl\u00e1nticos m\u00e1s feroces jam\u00e1s documentados, conocido por su avance pausado y arrasador.<\/p>\n<p dir=\"auto\">Su fuerza eclipsa incluso a desastres legendarios como Katrina, que aniquil\u00f3 Nueva Orleans en 2005.<\/p>\n<h4 dir=\"auto\">Alarma m\u00e1xima en seis provincias cubanas<\/h4>\n<p dir=\"auto\">El oriente de Cuba permanece en alerta cicl\u00f3nica total ante la inminente llegada de Melissa. Se esperan vientos sostenidos superiores a 200 km\/h, precipitaciones torrenciales que podr\u00edan acumular hasta 450 mm de lluvia y marejadas cicl\u00f3nicas con olas de hasta ocho metros de altura.<\/p>\n<p dir=\"auto\">Las autoridades han emitido advertencias de alto riesgo vital, por posibles crecidas repentinas, invasiones marinas en costas bajas, colapsos estructurales y fallos en presas.<\/p>\n<p dir=\"auto\">En las seis provincias declaradas en fase de alarma (Granma, Santiago de Cuba, Guant\u00e1namo, Holgu\u00edn, Las Tunas y Camag\u00fcey), se ha procedido a evacuar o resguardar a aproximadamente 650.000 personas \u2014alrededor del 7% de la poblaci\u00f3n nacional\u2014, principalmente en hogares de parientes y allegados, aunque tambi\u00e9n en albergues estatales.<\/p>\n","protected":false},"excerpt":{"rendered":"<div class=\"mh-excerpt\"><p>El imponente hurac\u00e1n Melissa impact\u00f3 Jamaica este martes (28 de octubre de 2025) con vientos huracanados de hasta 295 km\/h y aguaceros incesantes, consolid\u00e1ndose como <a class=\"mh-excerpt-more\" href=\"https:\/\/interaccioninformativa.mx\/index.php\/2025\/10\/29\/huracan-melissa-azota-jamaica-con-vientos-devastadores-y-amenaza-con-golpear-cuba-como-categoria\/\" title=\"Hurac\u00e1n Melissa azota Jamaica con vientos devastadores y amenaza con golpear Cuba como categor\u00eda\">[&#8230;]<\/a><\/p>\n<\/div>","protected":false},"author":1,"featured_media":1592,"comment_status":"open","ping_status":"closed","sticky":false,"template":"","format":"standard","meta":{"footnotes":""},"categories":[1],"tags":[],"class_list":["post-1591","post","type-post","status-publish","format-standard","has-post-thumbnail","hentry","category-noticias"],"_links":{"self":[{"href":"https:\/\/interaccioninformativa.mx\/index.php\/wp-json\/wp\/v2\/posts\/1591","targetHints":{"allow":["GET"]}}],"collection":[{"href":"https:\/\/interaccioninformativa.mx\/index.php\/wp-json\/wp\/v2\/posts"}],"about":[{"href":"https:\/\/interaccioninformativa.mx\/index.php\/wp-json\/wp\/v2\/types\/post"}],"author":[{"embeddable":true,"href":"https:\/\/interaccioninformativa.mx\/index.php\/wp-json\/wp\/v2\/users\/1"}],"replies":[{"embeddable":true,"href":"https:\/\/interaccioninformativa.mx\/index.php\/wp-json\/wp\/v2\/comments?post=1591"}],"version-history":[{"count":1,"href":"https:\/\/interaccioninformativa.mx\/index.php\/wp-json\/wp\/v2\/posts\/1591\/revisions"}],"predecessor-version":[{"id":1593,"href":"https:\/\/interaccioninformativa.mx\/index.php\/wp-json\/wp\/v2\/posts\/1591\/revisions\/1593"}],"wp:featuredmedia":[{"embeddable":true,"href":"https:\/\/interaccioninformativa.mx\/index.php\/wp-json\/wp\/v2\/media\/1592"}],"wp:attachment":[{"href":"https:\/\/interaccioninformativa.mx\/index.php\/wp-json\/wp\/v2\/media?parent=1591"}],"wp:term":[{"taxonomy":"category","embeddable":true,"href":"https:\/\/interaccioninformativa.mx\/index.php\/wp-json\/wp\/v2\/categories?post=1591"},{"taxonomy":"post_tag","embeddable":true,"href":"https:\/\/interaccioninformativa.mx\/index.php\/wp-json\/wp\/v2\/tags?post=1591"}],"curies":[{"name":"wp","href":"https:\/\/api.w.org\/{rel}","templated":true}]}}