{"id":1594,"date":"2025-10-29T16:23:38","date_gmt":"2025-10-29T16:23:38","guid":{"rendered":"https:\/\/interaccioninformativa.mx\/?p=1594"},"modified":"2025-10-29T16:23:38","modified_gmt":"2025-10-29T16:23:38","slug":"transportistas-desisten-de-megamarcha-en-cdmx-y-apuestan-por-dialogo-el-viernes-para-resolver-crisis","status":"publish","type":"post","link":"https:\/\/interaccioninformativa.mx\/index.php\/2025\/10\/29\/transportistas-desisten-de-megamarcha-en-cdmx-y-apuestan-por-dialogo-el-viernes-para-resolver-crisis\/","title":{"rendered":"Transportistas desisten de \u2018megamarcha\u2019 en CDMX y apuestan por di\u00e1logo el viernes para resolver crisis"},"content":{"rendered":"\n<figure class=\"wp-block-image size-large\"><img loading=\"lazy\" decoding=\"async\" width=\"1024\" height=\"683\" src=\"https:\/\/interaccioninformativa.mx\/wp-content\/uploads\/2025\/10\/cancelan-transportistas-megamarcha-en-la-cdmx-retomaran-dialogo-el-viernes_efa6b4a9-a14e-4a5d-836c-aa70385d1616_medialjnimgndimagefullsize-1-1024x683.webp\" alt=\"\" class=\"wp-image-1595\" srcset=\"https:\/\/interaccioninformativa.mx\/wp-content\/uploads\/2025\/10\/cancelan-transportistas-megamarcha-en-la-cdmx-retomaran-dialogo-el-viernes_efa6b4a9-a14e-4a5d-836c-aa70385d1616_medialjnimgndimagefullsize-1-1024x683.webp 1024w, https:\/\/interaccioninformativa.mx\/wp-content\/uploads\/2025\/10\/cancelan-transportistas-megamarcha-en-la-cdmx-retomaran-dialogo-el-viernes_efa6b4a9-a14e-4a5d-836c-aa70385d1616_medialjnimgndimagefullsize-1-300x200.webp 300w, https:\/\/interaccioninformativa.mx\/wp-content\/uploads\/2025\/10\/cancelan-transportistas-megamarcha-en-la-cdmx-retomaran-dialogo-el-viernes_efa6b4a9-a14e-4a5d-836c-aa70385d1616_medialjnimgndimagefullsize-1-768x512.webp 768w, https:\/\/interaccioninformativa.mx\/wp-content\/uploads\/2025\/10\/cancelan-transportistas-megamarcha-en-la-cdmx-retomaran-dialogo-el-viernes_efa6b4a9-a14e-4a5d-836c-aa70385d1616_medialjnimgndimagefullsize-1.webp 1200w\" sizes=\"auto, (max-width: 1024px) 100vw, 1024px\" \/><\/figure>\n\n\n\n<p>La Fuerza Amplia de Transportistas (FAT) anunci\u00f3 este martes la cancelaci\u00f3n de la masiva megamarcha programada para este mi\u00e9rcoles en la Ciudad de M\u00e9xico, tras alcanzar un acuerdo con la jefa de Gobierno, Clara Brugada Molina, y representantes de otras organizaciones del sector.<\/p>\n\n\n\n<p>En su lugar, las partes pactaron una mesa de di\u00e1logo para el pr\u00f3ximo viernes 31 de octubre, a las 16:00 horas, en las instalaciones de la Secretar\u00eda de Movilidad (Semovi).<\/p>\n\n\n\n<p>Mediante un comunicado oficial, el gremio transportista explic\u00f3 que esta decisi\u00f3n implica tambi\u00e9n la postergaci\u00f3n del bloqueo a las vialidades principales de la capital, en agradecimiento a la \u00abapertura genuina\u00bb demostrada por las Secretar\u00edas de Movilidad y de Gobierno.<\/p>\n\n\n\n<p>Los l\u00edderes del sector insistieron en que la movilizaci\u00f3n era un recurso extremo para denunciar la \u00abcr\u00edtica precariedad econ\u00f3mica y laboral\u00bb que azota a los choferes y operadores en la metr\u00f3poli, agravada por el alza en combustibles y la falta de apoyo gubernamental.<\/p>\n\n\n\n<p>Con este paso, el di\u00e1logo se perfila como la v\u00eda prioritaria para buscar soluciones concretas y evitar mayores disrupciones en el tr\u00e1fico y la movilidad urbana.<\/p>\n","protected":false},"excerpt":{"rendered":"<div class=\"mh-excerpt\"><p>La Fuerza Amplia de Transportistas (FAT) anunci\u00f3 este martes la cancelaci\u00f3n de la masiva megamarcha programada para este mi\u00e9rcoles en la Ciudad de M\u00e9xico, tras <a class=\"mh-excerpt-more\" href=\"https:\/\/interaccioninformativa.mx\/index.php\/2025\/10\/29\/transportistas-desisten-de-megamarcha-en-cdmx-y-apuestan-por-dialogo-el-viernes-para-resolver-crisis\/\" title=\"Transportistas desisten de \u2018megamarcha\u2019 en CDMX y apuestan por di\u00e1logo el viernes para resolver crisis\">[&#8230;]<\/a><\/p>\n<\/div>","protected":false},"author":1,"featured_media":1595,"comment_status":"open","ping_status":"closed","sticky":false,"template":"","format":"standard","meta":{"footnotes":""},"categories":[1],"tags":[],"class_list":["post-1594","post","type-post","status-publish","format-standard","has-post-thumbnail","hentry","category-noticias"],"_links":{"self":[{"href":"https:\/\/interaccioninformativa.mx\/index.php\/wp-json\/wp\/v2\/posts\/1594","targetHints":{"allow":["GET"]}}],"collection":[{"href":"https:\/\/interaccioninformativa.mx\/index.php\/wp-json\/wp\/v2\/posts"}],"about":[{"href":"https:\/\/interaccioninformativa.mx\/index.php\/wp-json\/wp\/v2\/types\/post"}],"author":[{"embeddable":true,"href":"https:\/\/interaccioninformativa.mx\/index.php\/wp-json\/wp\/v2\/users\/1"}],"replies":[{"embeddable":true,"href":"https:\/\/interaccioninformativa.mx\/index.php\/wp-json\/wp\/v2\/comments?post=1594"}],"version-history":[{"count":1,"href":"https:\/\/interaccioninformativa.mx\/index.php\/wp-json\/wp\/v2\/posts\/1594\/revisions"}],"predecessor-version":[{"id":1596,"href":"https:\/\/interaccioninformativa.mx\/index.php\/wp-json\/wp\/v2\/posts\/1594\/revisions\/1596"}],"wp:featuredmedia":[{"embeddable":true,"href":"https:\/\/interaccioninformativa.mx\/index.php\/wp-json\/wp\/v2\/media\/1595"}],"wp:attachment":[{"href":"https:\/\/interaccioninformativa.mx\/index.php\/wp-json\/wp\/v2\/media?parent=1594"}],"wp:term":[{"taxonomy":"category","embeddable":true,"href":"https:\/\/interaccioninformativa.mx\/index.php\/wp-json\/wp\/v2\/categories?post=1594"},{"taxonomy":"post_tag","embeddable":true,"href":"https:\/\/interaccioninformativa.mx\/index.php\/wp-json\/wp\/v2\/tags?post=1594"}],"curies":[{"name":"wp","href":"https:\/\/api.w.org\/{rel}","templated":true}]}}