{"id":1607,"date":"2025-10-30T17:30:14","date_gmt":"2025-10-30T17:30:14","guid":{"rendered":"https:\/\/interaccioninformativa.mx\/?p=1607"},"modified":"2025-10-30T17:30:14","modified_gmt":"2025-10-30T17:30:14","slug":"escandalo-atroz-rescatan-a-mas-de-30-ninos-de-una-casa-hogar-infernal-abusos-sexuales-al-descubierto","status":"publish","type":"post","link":"https:\/\/interaccioninformativa.mx\/index.php\/2025\/10\/30\/escandalo-atroz-rescatan-a-mas-de-30-ninos-de-una-casa-hogar-infernal-abusos-sexuales-al-descubierto\/","title":{"rendered":"\u00a1Esc\u00e1ndalo atroz! Rescatan a m\u00e1s de 30 ni\u00f1os de una casa hogar infernal: Abusos sexuales al descubierto"},"content":{"rendered":"\n<figure class=\"wp-block-image size-full\"><img loading=\"lazy\" decoding=\"async\" width=\"770\" height=\"530\" src=\"https:\/\/interaccioninformativa.mx\/wp-content\/uploads\/2025\/10\/3408439-2.webp\" alt=\"\" class=\"wp-image-1608\" srcset=\"https:\/\/interaccioninformativa.mx\/wp-content\/uploads\/2025\/10\/3408439-2.webp 770w, https:\/\/interaccioninformativa.mx\/wp-content\/uploads\/2025\/10\/3408439-2-300x206.webp 300w, https:\/\/interaccioninformativa.mx\/wp-content\/uploads\/2025\/10\/3408439-2-768x529.webp 768w\" sizes=\"auto, (max-width: 770px) 100vw, 770px\" \/><\/figure>\n\n\n\n<p>En un golpe demoledor contra la impunidad, autoridades de la <strong>Ciudad de M\u00e9xico<\/strong> irrumpieron en el albergue <strong>Casa de la Mercedes<\/strong>, en la <strong>colonia San Rafael<\/strong>, para rescatar a <strong>m\u00e1s de 30 menores de edad<\/strong> v\u00edctimas de graves abusos, incluyendo una violaci\u00f3n que ha encendido las alarmas. Mientras la <strong>Fiscal\u00eda General de Justicia (FGJ)<\/strong> avanza en la pesquisa, funcionarios de la <strong>alcald\u00eda Cuauht\u00e9moc<\/strong> ya preparan una inspecci\u00f3n exhaustiva del sitio, convertido en un foco de esc\u00e1ndalo.<\/p>\n\n\n\n<h4 class=\"wp-block-heading\">El asalto al refugio: De la pesquisa al rescate express<\/h4>\n\n\n\n<p>Todo estall\u00f3 alrededor de las <strong>15:00 horas de este mi\u00e9rcoles<\/strong>, cuando agentes de la <strong>FGJ<\/strong> tomaron el predio para recabar pruebas clave en la indagatoria. El foco: el <strong>hijo de la fundadora<\/strong> de la casa hogar, quien ya enfrenta un proceso penal por los presuntos vej\u00e1menes. Horas despu\u00e9s, el <strong>Sistema para el Desarrollo Integral de la Familia (DIF)<\/strong> entr\u00f3 en escena con fuerza: evacuaron a los ni\u00f1os y ni\u00f1as de inmediato, llev\u00e1ndolos a sus instalaciones seguras.<\/p>\n\n\n\n<p>Hasta el momento, ni la FGJ ni el DIF han soltado un comunicado oficial, dejando en el limbo detalles cruciales sobre el estado de los menores y los siguientes pasos. El silencio oficial aviva las dudas en una ciudad que exige respuestas.<\/p>\n\n\n\n<h4 class=\"wp-block-heading\">Llamado urgente y cr\u00edticas al operativo: \u00ab\u00a1Ni\u00f1os aterrorizados!\u00bb<\/h4>\n\n\n\n<p>El activista <strong>Rojo de la Vega<\/strong> no se qued\u00f3 callado y exigi\u00f3 a las autoridades capitalinas que revelen <strong>d\u00f3nde ser\u00e1n reubicados los ni\u00f1os y ni\u00f1as rescatados<\/strong>, para que familias y allegados no queden en la oscuridad. Pero su denuncia va m\u00e1s all\u00e1: tild\u00f3 de \u00abbrutal\u00bb la forma en que se ejecut\u00f3 el rescate.<\/p>\n\n\n\n<p>\u00abHubo peque\u00f1os que se orinaron del puro miedo durante el operativo. Intent\u00e9 calmarlos, pero el caos fue total\u00bb, relat\u00f3 de la Vega, pintando un panorama desgarrador de llantos y desolaci\u00f3n en medio del tumulto. \u00bfFue justicia o un trauma adicional para los m\u00e1s vulnerables?<\/p>\n\n\n\n<p>Este rescate no solo cierra un cap\u00edtulo negro en la Casa de la Mercedes, sino que pone bajo lupa a todo el sistema de albergues en la CDMX. \u00bfHabr\u00e1 m\u00e1s v\u00edctimas por descubrir? Las autoridades prometen justicia, pero el reloj corre para estos inocentes.<\/p>\n","protected":false},"excerpt":{"rendered":"<div class=\"mh-excerpt\"><p>En un golpe demoledor contra la impunidad, autoridades de la Ciudad de M\u00e9xico irrumpieron en el albergue Casa de la Mercedes, en la colonia San <a class=\"mh-excerpt-more\" href=\"https:\/\/interaccioninformativa.mx\/index.php\/2025\/10\/30\/escandalo-atroz-rescatan-a-mas-de-30-ninos-de-una-casa-hogar-infernal-abusos-sexuales-al-descubierto\/\" title=\"\u00a1Esc\u00e1ndalo atroz! Rescatan a m\u00e1s de 30 ni\u00f1os de una casa hogar infernal: Abusos sexuales al descubierto\">[&#8230;]<\/a><\/p>\n<\/div>","protected":false},"author":1,"featured_media":1608,"comment_status":"open","ping_status":"closed","sticky":false,"template":"","format":"standard","meta":{"footnotes":""},"categories":[1],"tags":[],"class_list":["post-1607","post","type-post","status-publish","format-standard","has-post-thumbnail","hentry","category-noticias"],"_links":{"self":[{"href":"https:\/\/interaccioninformativa.mx\/index.php\/wp-json\/wp\/v2\/posts\/1607","targetHints":{"allow":["GET"]}}],"collection":[{"href":"https:\/\/interaccioninformativa.mx\/index.php\/wp-json\/wp\/v2\/posts"}],"about":[{"href":"https:\/\/interaccioninformativa.mx\/index.php\/wp-json\/wp\/v2\/types\/post"}],"author":[{"embeddable":true,"href":"https:\/\/interaccioninformativa.mx\/index.php\/wp-json\/wp\/v2\/users\/1"}],"replies":[{"embeddable":true,"href":"https:\/\/interaccioninformativa.mx\/index.php\/wp-json\/wp\/v2\/comments?post=1607"}],"version-history":[{"count":1,"href":"https:\/\/interaccioninformativa.mx\/index.php\/wp-json\/wp\/v2\/posts\/1607\/revisions"}],"predecessor-version":[{"id":1609,"href":"https:\/\/interaccioninformativa.mx\/index.php\/wp-json\/wp\/v2\/posts\/1607\/revisions\/1609"}],"wp:featuredmedia":[{"embeddable":true,"href":"https:\/\/interaccioninformativa.mx\/index.php\/wp-json\/wp\/v2\/media\/1608"}],"wp:attachment":[{"href":"https:\/\/interaccioninformativa.mx\/index.php\/wp-json\/wp\/v2\/media?parent=1607"}],"wp:term":[{"taxonomy":"category","embeddable":true,"href":"https:\/\/interaccioninformativa.mx\/index.php\/wp-json\/wp\/v2\/categories?post=1607"},{"taxonomy":"post_tag","embeddable":true,"href":"https:\/\/interaccioninformativa.mx\/index.php\/wp-json\/wp\/v2\/tags?post=1607"}],"curies":[{"name":"wp","href":"https:\/\/api.w.org\/{rel}","templated":true}]}}