{"id":1611,"date":"2025-10-31T16:29:00","date_gmt":"2025-10-31T16:29:00","guid":{"rendered":"https:\/\/interaccioninformativa.mx\/?p=1611"},"modified":"2025-10-31T16:29:00","modified_gmt":"2025-10-31T16:29:00","slug":"el-comandante-en-la-mira-acusado-de-orquestar-los-homicidios-de-b-king-y-regio-clown","status":"publish","type":"post","link":"https:\/\/interaccioninformativa.mx\/index.php\/2025\/10\/31\/el-comandante-en-la-mira-acusado-de-orquestar-los-homicidios-de-b-king-y-regio-clown\/","title":{"rendered":"&#8216;El Comandante&#8217; en la mira: Acusado de orquestar los homicidios de B-King y Regio Clown"},"content":{"rendered":"\n<figure class=\"wp-block-image size-large\"><img loading=\"lazy\" decoding=\"async\" width=\"1024\" height=\"614\" src=\"https:\/\/interaccioninformativa.mx\/wp-content\/uploads\/2025\/10\/3MSFF2COVFAMFAKDN3HGBXN3SU-1024x614.avif\" alt=\"\" class=\"wp-image-1612\" srcset=\"https:\/\/interaccioninformativa.mx\/wp-content\/uploads\/2025\/10\/3MSFF2COVFAMFAKDN3HGBXN3SU-1024x614.avif 1024w, https:\/\/interaccioninformativa.mx\/wp-content\/uploads\/2025\/10\/3MSFF2COVFAMFAKDN3HGBXN3SU-300x180.avif 300w, https:\/\/interaccioninformativa.mx\/wp-content\/uploads\/2025\/10\/3MSFF2COVFAMFAKDN3HGBXN3SU-768x460.avif 768w, https:\/\/interaccioninformativa.mx\/wp-content\/uploads\/2025\/10\/3MSFF2COVFAMFAKDN3HGBXN3SU.avif 1200w\" sizes=\"auto, (max-width: 1024px) 100vw, 1024px\" \/><\/figure>\n\n\n\n<p>La Fiscal\u00eda del Estado de M\u00e9xico confirm\u00f3 este jueves la detenci\u00f3n de Cristopher N., alias \u00abEl Comandante\u00bb, como presunto cerebro intelectual del asesinato de los m\u00fasicos colombianos B-King y Regio Clown. Seg\u00fan fuentes de EL PA\u00cdS, el caso est\u00e1 ligado a un entramado criminal de narcotr\u00e1fico, centrado en la venta de \u00abtusi\u00bb (o \u00abtusibi\u00bb) y \u00abCoco Channel\u00bb, adem\u00e1s de extorsiones \u00abgota a gota\u00bb, secuestros y privaciones de libertad. En total, 16 personas han sido arrestadas, 10 de ellas extranjeras (de Colombia, Venezuela, Cuba y Espa\u00f1a), implicadas como autores o c\u00f3mplices.<\/p>\n\n\n\n<p>Los artistas, reportados como desaparecidos el 16 de septiembre, fueron identificados seis d\u00edas despu\u00e9s en dos cuerpos desmembrados hallados el 17 en Cocotitl\u00e1n, en la frontera entre el Estado de M\u00e9xico y Ciudad de M\u00e9xico. La pesquisa revela que el doble homicidio fue una venganza por una deuda de uno de ellos con un c\u00e1rtel, agravada por su lazo con \u00abEl Pantera\u00bb.<\/p>\n\n\n\n<p>Desde su llegada a la capital mexicana el 11 de septiembre \u2014convocados por \u00abEl Comandante\u00bb desde Medell\u00edn\u2014, B-King y su m\u00e1nager fueron recibidos en el AIFA por Mariano N., en una Ford Expedition roja, bajo el pretexto de un rol como \u00abchofer y asistente\u00bb. \u00abEl Comandante\u00bb, abusando de la confianza de Regio Clown, les prometi\u00f3 negocios conjuntos con \u00abEl Pantera\u00bb y \u00abEl Ap\u00e1\u00bb.<\/p>\n\n\n\n<p>El 16 de septiembre, v\u00eda llamada, \u00abEl Comandante\u00bb orden\u00f3 a Mariano N. recogerlos en la plaza Miyana (Polanco) y llevarlos a la colonia Renovaci\u00f3n (Iztapalapa). En realidad, era una trampa: las v\u00edctimas fueron ejecutadas en el taller de reciclaje de \u00abEl Ap\u00e1\u00bb, por orden de \u00abEl Pantera\u00bb, quien pag\u00f3 200.000 pesos. Los restos, envueltos en bolsas de pl\u00e1stico similares a las del taller, fueron transportados en una camioneta id\u00e9ntica a la usada en el aeropuerto y abandonados en el Estado de M\u00e9xico con un mensaje falso para despistar a las autoridades.<\/p>\n\n\n\n<p>Un testigo clave detalla que \u00abEl Pantera\u00bb amenaz\u00f3 a los involucrados \u2014incluyendo a \u00abEl Comandante\u00bb, \u00abEl Ap\u00e1\u00bb y Mariano N.\u2014 con matarlos si delataban: \u00abEl primero que hable en la c\u00e1rcel, lo mando a matar. No los quiero ver por aqu\u00ed hasta diciembre\u00bb. El m\u00f3vil principal: Regio Clown hab\u00eda expuesto la identidad de \u00abEl Pantera\u00bb y vend\u00eda droga en eventos \u00abSin Censura\u00bb sin su permiso, lo que sell\u00f3 un pacto criminal para eliminarlo.<\/p>\n","protected":false},"excerpt":{"rendered":"<div class=\"mh-excerpt\"><p>La Fiscal\u00eda del Estado de M\u00e9xico confirm\u00f3 este jueves la detenci\u00f3n de Cristopher N., alias \u00abEl Comandante\u00bb, como presunto cerebro intelectual del asesinato de los <a class=\"mh-excerpt-more\" href=\"https:\/\/interaccioninformativa.mx\/index.php\/2025\/10\/31\/el-comandante-en-la-mira-acusado-de-orquestar-los-homicidios-de-b-king-y-regio-clown\/\" title=\"&#8216;El Comandante&#8217; en la mira: Acusado de orquestar los homicidios de B-King y Regio Clown\">[&#8230;]<\/a><\/p>\n<\/div>","protected":false},"author":1,"featured_media":1612,"comment_status":"open","ping_status":"closed","sticky":false,"template":"","format":"standard","meta":{"footnotes":""},"categories":[1],"tags":[],"class_list":["post-1611","post","type-post","status-publish","format-standard","has-post-thumbnail","hentry","category-noticias"],"_links":{"self":[{"href":"https:\/\/interaccioninformativa.mx\/index.php\/wp-json\/wp\/v2\/posts\/1611","targetHints":{"allow":["GET"]}}],"collection":[{"href":"https:\/\/interaccioninformativa.mx\/index.php\/wp-json\/wp\/v2\/posts"}],"about":[{"href":"https:\/\/interaccioninformativa.mx\/index.php\/wp-json\/wp\/v2\/types\/post"}],"author":[{"embeddable":true,"href":"https:\/\/interaccioninformativa.mx\/index.php\/wp-json\/wp\/v2\/users\/1"}],"replies":[{"embeddable":true,"href":"https:\/\/interaccioninformativa.mx\/index.php\/wp-json\/wp\/v2\/comments?post=1611"}],"version-history":[{"count":1,"href":"https:\/\/interaccioninformativa.mx\/index.php\/wp-json\/wp\/v2\/posts\/1611\/revisions"}],"predecessor-version":[{"id":1613,"href":"https:\/\/interaccioninformativa.mx\/index.php\/wp-json\/wp\/v2\/posts\/1611\/revisions\/1613"}],"wp:featuredmedia":[{"embeddable":true,"href":"https:\/\/interaccioninformativa.mx\/index.php\/wp-json\/wp\/v2\/media\/1612"}],"wp:attachment":[{"href":"https:\/\/interaccioninformativa.mx\/index.php\/wp-json\/wp\/v2\/media?parent=1611"}],"wp:term":[{"taxonomy":"category","embeddable":true,"href":"https:\/\/interaccioninformativa.mx\/index.php\/wp-json\/wp\/v2\/categories?post=1611"},{"taxonomy":"post_tag","embeddable":true,"href":"https:\/\/interaccioninformativa.mx\/index.php\/wp-json\/wp\/v2\/tags?post=1611"}],"curies":[{"name":"wp","href":"https:\/\/api.w.org\/{rel}","templated":true}]}}