{"id":1614,"date":"2025-10-31T16:32:51","date_gmt":"2025-10-31T16:32:51","guid":{"rendered":"https:\/\/interaccioninformativa.mx\/?p=1614"},"modified":"2025-10-31T16:32:51","modified_gmt":"2025-10-31T16:32:51","slug":"portugal-o-washington-las-contradicciones-de-simon-levy-tras-el-rumor-de-su-detencion","status":"publish","type":"post","link":"https:\/\/interaccioninformativa.mx\/index.php\/2025\/10\/31\/portugal-o-washington-las-contradicciones-de-simon-levy-tras-el-rumor-de-su-detencion\/","title":{"rendered":"\u00bfPortugal o Washington? Las contradicciones de Sim\u00f3n Levy tras el rumor de su detenci\u00f3n"},"content":{"rendered":"\n<figure class=\"wp-block-image size-large\"><img loading=\"lazy\" decoding=\"async\" width=\"1024\" height=\"576\" src=\"https:\/\/interaccioninformativa.mx\/wp-content\/uploads\/2025\/10\/5C5DIC76HNH4VKOEH44BR2WZQA-1-1024x576.avif\" alt=\"\" class=\"wp-image-1615\" srcset=\"https:\/\/interaccioninformativa.mx\/wp-content\/uploads\/2025\/10\/5C5DIC76HNH4VKOEH44BR2WZQA-1-1024x576.avif 1024w, https:\/\/interaccioninformativa.mx\/wp-content\/uploads\/2025\/10\/5C5DIC76HNH4VKOEH44BR2WZQA-1-300x169.avif 300w, https:\/\/interaccioninformativa.mx\/wp-content\/uploads\/2025\/10\/5C5DIC76HNH4VKOEH44BR2WZQA-1-768x432.avif 768w, https:\/\/interaccioninformativa.mx\/wp-content\/uploads\/2025\/10\/5C5DIC76HNH4VKOEH44BR2WZQA-1-678x381.avif 678w, https:\/\/interaccioninformativa.mx\/wp-content\/uploads\/2025\/10\/5C5DIC76HNH4VKOEH44BR2WZQA-1.avif 1200w\" sizes=\"auto, (max-width: 1024px) 100vw, 1024px\" \/><\/figure>\n\n\n\n<h3 class=\"wp-block-heading\">Versi\u00f3n reescrita (m\u00e1s fluida y estructurada):<\/h3>\n\n\n\n<p>Una simple videollamada y un documento de Interpol bastaron para desenmascarar las mentiras de Sim\u00f3n Levy, exsubsecretario de Turismo, quien fingi\u00f3 estar en Washington mientras la Fiscal\u00eda General de Justicia de la Ciudad de M\u00e9xico (FGJCDMX) confirm\u00f3 su detenci\u00f3n en Portugal para un proceso de extradici\u00f3n. M\u00e1s de 24 horas despu\u00e9s del anuncio oficial, las declaraciones de Levy chocan frontalmente con las de la presidenta Claudia Sheinbaum: \u00e9l insiste en que anda libre por Estados Unidos y hasta transmiti\u00f3 en vivo desde un fondo con el Capitolio, sin soltar prenda sobre el caso.<\/p>\n\n\n\n<p>Este jueves 30 de octubre, en una entrevista con Azucena Uresti, Levy esquiv\u00f3 pruebas irrefutables de su ubicaci\u00f3n \u2014como mostrar un reloj o un peri\u00f3dico local\u2014, lo que delat\u00f3 el enga\u00f1o. Luis C\u00e1rdenas, otro periodista que lo entrevist\u00f3 y comparti\u00f3 la respuesta de Interpol (que remit\u00eda a autoridades mexicanas y portuguesas para verificar el estatus), tambi\u00e9n confes\u00f3: \u00abMe minti\u00f3\u00bb. Tras viralizar ese documento, Levy silenci\u00f3 sus redes y evadi\u00f3 m\u00e1s detalles. Pero, \u00bfc\u00f3mo se destap\u00f3 la farsa?<\/p>\n\n\n\n<h4 class=\"wp-block-heading\">Claves que expusieron la mentira de Sim\u00f3n Levy<\/h4>\n\n\n\n<p>Estos son los indicios clave de sus entrevistas del jueves, que apuntan directo a Portugal en vez de Washington: <strong>La hora y el peri\u00f3dico como prueba fallida<\/strong>. Preguntado por Uresti sobre la hora local para corroborar su presencia en Washington, Levy titube\u00f3 pese a tener el celular a la mano. Se neg\u00f3 a mostrar su reloj o el restaurante donde supuestamente estaba, alegando privacidad y conexi\u00f3n por wifi. La gota que colm\u00f3 el vaso: al pedirle un peri\u00f3dico del lugar, respondi\u00f3 que \u00absolo se leen por QR\u00bb, y la llamada se cort\u00f3 abruptamente.<\/p>\n\n\n\n<p>Levy enfrenta dos \u00f3rdenes de aprehensi\u00f3n en M\u00e9xico por delitos ambientales y violaciones en obras de construcci\u00f3n desde 2021, y aunque fue liberado el mismo d\u00eda de su llegada a Portugal, permanece bajo medidas cautelares sin poder salir del pa\u00eds. La FGJCDMX insiste: su extradici\u00f3n avanza.<\/p>\n","protected":false},"excerpt":{"rendered":"<div class=\"mh-excerpt\"><p>Versi\u00f3n reescrita (m\u00e1s fluida y estructurada): Una simple videollamada y un documento de Interpol bastaron para desenmascarar las mentiras de Sim\u00f3n Levy, exsubsecretario de Turismo, <a class=\"mh-excerpt-more\" href=\"https:\/\/interaccioninformativa.mx\/index.php\/2025\/10\/31\/portugal-o-washington-las-contradicciones-de-simon-levy-tras-el-rumor-de-su-detencion\/\" title=\"\u00bfPortugal o Washington? Las contradicciones de Sim\u00f3n Levy tras el rumor de su detenci\u00f3n\">[&#8230;]<\/a><\/p>\n<\/div>","protected":false},"author":1,"featured_media":1615,"comment_status":"open","ping_status":"closed","sticky":false,"template":"","format":"standard","meta":{"footnotes":""},"categories":[1],"tags":[],"class_list":["post-1614","post","type-post","status-publish","format-standard","has-post-thumbnail","hentry","category-noticias"],"_links":{"self":[{"href":"https:\/\/interaccioninformativa.mx\/index.php\/wp-json\/wp\/v2\/posts\/1614","targetHints":{"allow":["GET"]}}],"collection":[{"href":"https:\/\/interaccioninformativa.mx\/index.php\/wp-json\/wp\/v2\/posts"}],"about":[{"href":"https:\/\/interaccioninformativa.mx\/index.php\/wp-json\/wp\/v2\/types\/post"}],"author":[{"embeddable":true,"href":"https:\/\/interaccioninformativa.mx\/index.php\/wp-json\/wp\/v2\/users\/1"}],"replies":[{"embeddable":true,"href":"https:\/\/interaccioninformativa.mx\/index.php\/wp-json\/wp\/v2\/comments?post=1614"}],"version-history":[{"count":1,"href":"https:\/\/interaccioninformativa.mx\/index.php\/wp-json\/wp\/v2\/posts\/1614\/revisions"}],"predecessor-version":[{"id":1616,"href":"https:\/\/interaccioninformativa.mx\/index.php\/wp-json\/wp\/v2\/posts\/1614\/revisions\/1616"}],"wp:featuredmedia":[{"embeddable":true,"href":"https:\/\/interaccioninformativa.mx\/index.php\/wp-json\/wp\/v2\/media\/1615"}],"wp:attachment":[{"href":"https:\/\/interaccioninformativa.mx\/index.php\/wp-json\/wp\/v2\/media?parent=1614"}],"wp:term":[{"taxonomy":"category","embeddable":true,"href":"https:\/\/interaccioninformativa.mx\/index.php\/wp-json\/wp\/v2\/categories?post=1614"},{"taxonomy":"post_tag","embeddable":true,"href":"https:\/\/interaccioninformativa.mx\/index.php\/wp-json\/wp\/v2\/tags?post=1614"}],"curies":[{"name":"wp","href":"https:\/\/api.w.org\/{rel}","templated":true}]}}