{"id":1625,"date":"2025-11-01T16:29:51","date_gmt":"2025-11-01T16:29:51","guid":{"rendered":"https:\/\/interaccioninformativa.mx\/?p=1625"},"modified":"2025-11-03T16:30:02","modified_gmt":"2025-11-03T16:30:02","slug":"billie-eilish-desafia-a-la-elite-por-que-eres-multimillonario-dona-tu-fortuna","status":"publish","type":"post","link":"https:\/\/interaccioninformativa.mx\/index.php\/2025\/11\/01\/billie-eilish-desafia-a-la-elite-por-que-eres-multimillonario-dona-tu-fortuna\/","title":{"rendered":"Billie Eilish Desaf\u00eda a la \u00c9lite: \u00ab\u00bfPor Qu\u00e9 Eres Multimillonario? Dona Tu Fortuna\u00bb"},"content":{"rendered":"\n<figure class=\"wp-block-image size-large\"><img loading=\"lazy\" decoding=\"async\" width=\"1024\" height=\"576\" src=\"https:\/\/interaccioninformativa.mx\/wp-content\/uploads\/2025\/11\/image-1024x576.avif\" alt=\"\" class=\"wp-image-1626\" srcset=\"https:\/\/interaccioninformativa.mx\/wp-content\/uploads\/2025\/11\/image-1024x576.avif 1024w, https:\/\/interaccioninformativa.mx\/wp-content\/uploads\/2025\/11\/image-300x169.avif 300w, https:\/\/interaccioninformativa.mx\/wp-content\/uploads\/2025\/11\/image-768x432.avif 768w, https:\/\/interaccioninformativa.mx\/wp-content\/uploads\/2025\/11\/image-678x381.avif 678w, https:\/\/interaccioninformativa.mx\/wp-content\/uploads\/2025\/11\/image.avif 1280w\" sizes=\"auto, (max-width: 1024px) 100vw, 1024px\" \/><\/figure>\n\n\n\n<p>En un gesto audaz que ha sacudido las redes y los c\u00edrculos de poder, la superestrella del pop Billie Eilish lanz\u00f3 una cr\u00edtica frontal a los ultrarricos durante la gala anual de la Fundaci\u00f3n Robin Hood en Nueva York. Frente a un p\u00fablico repleto de magnates financieros \u2014incluyendo a Mark Zuckerberg\u2014, la cantante de 23 a\u00f1os cuestion\u00f3 sin filtros la acumulaci\u00f3n desmedida de riqueza en un mundo plagado de desigualdades.<\/p>\n\n\n\n<p>\u00abLos quiero a todos, pero hay algunos aqu\u00ed que tienen mucho m\u00e1s dinero que yo. Si eres multimillonario, \u00bfpor qu\u00e9 lo eres? Sin \u00e1nimo de ofender, pero&#8230; \u00bfpor qu\u00e9?\u00bb, exclam\u00f3 Eilish desde el escenario, seg\u00fan videos y reportes que circularon r\u00e1pidamente. Su intervenci\u00f3n no se qued\u00f3 en la provocaci\u00f3n: inst\u00f3 directamente a los presentes a destinar m\u00e1s fondos a causas ben\u00e9ficas, recordando que \u00abel dinero es para ayudar a la gente\u00bb. El evento, que busca recaudar millones para combatir la pobreza en EE.UU., vio c\u00f3mo la joven artista elevaba el tono de la velada, convirti\u00e9ndola en un llamado urgente a la acci\u00f3n filantr\u00f3pica.<\/p>\n\n\n\n<h4 class=\"wp-block-heading\">Un Grito Contra la Desigualdad en Tiempos de Exceso<\/h4>\n\n\n\n<p>Eilish, conocida por su activismo en temas como el cambio clim\u00e1tico, la salud mental y los derechos LGBTQ+, no es ajena a usar su plataforma para cuestionar el statu quo. Con una fortuna personal estimada en m\u00e1s de 30 millones de d\u00f3lares \u2014gracias a \u00e9xitos como <em>Hit Me Hard and Soft<\/em> y giras sold-out\u2014, la californiana de Los \u00c1ngeles enfatiz\u00f3 que su cr\u00edtica no era hip\u00f3crita, sino un empuj\u00f3n colectivo. \u00abNo odio a nadie, pero s\u00ed, \u00bfpor qu\u00e9 acumulas tanto cuando hay tanto por hacer?\u00bb, remat\u00f3, generando aplausos entre algunos y silencio inc\u00f3modo en otros.<\/p>\n\n\n\n<p>El momento, capturado en clips virales, ha desatado un debate global sobre la responsabilidad de los billonarios. Figuras como Zuckerberg, cuya riqueza supera los 180 mil millones de d\u00f3lares, se encontraban en la sala, lo que amplific\u00f3 el impacto. Organizaciones como Oxfam han respaldado el mensaje de Eilish, recordando que el 1% m\u00e1s rico posee casi la mitad de la riqueza mundial, mientras millones luchan por lo b\u00e1sico.<\/p>\n\n\n\n<p>Para Billie, este no es solo un discurso: es una extensi\u00f3n de su ethos. \u00abLa m\u00fasica es mi voz, pero el cambio real viene de acciones como estas\u00bb, ha dicho en entrevistas pasadas. Su intervenci\u00f3n en la gala no solo recaud\u00f3 fondos \u2014la Fundaci\u00f3n super\u00f3 los 100 millones de d\u00f3lares esa noche\u2014, sino que inspir\u00f3 a fans y celebridades a reflexionar: en un planeta desigual, \u00bfqu\u00e9 justifica ser multimillonario?<\/p>\n\n\n\n<p>El eco de sus palabras sigue resonando, record\u00e1ndonos que incluso las estrellas pop pueden ser catalizadores de justicia social. \u00bfResponder\u00e1 la \u00e9lite con cheques m\u00e1s gordos, o con excusas? El tiempo \u2014y las donaciones\u2014 lo dir\u00e1.<\/p>\n","protected":false},"excerpt":{"rendered":"<div class=\"mh-excerpt\"><p>En un gesto audaz que ha sacudido las redes y los c\u00edrculos de poder, la superestrella del pop Billie Eilish lanz\u00f3 una cr\u00edtica frontal a <a class=\"mh-excerpt-more\" href=\"https:\/\/interaccioninformativa.mx\/index.php\/2025\/11\/01\/billie-eilish-desafia-a-la-elite-por-que-eres-multimillonario-dona-tu-fortuna\/\" title=\"Billie Eilish Desaf\u00eda a la \u00c9lite: \u00ab\u00bfPor Qu\u00e9 Eres Multimillonario? Dona Tu Fortuna\u00bb\">[&#8230;]<\/a><\/p>\n<\/div>","protected":false},"author":1,"featured_media":1626,"comment_status":"open","ping_status":"closed","sticky":false,"template":"","format":"standard","meta":{"footnotes":""},"categories":[1],"tags":[],"class_list":["post-1625","post","type-post","status-publish","format-standard","has-post-thumbnail","hentry","category-noticias"],"_links":{"self":[{"href":"https:\/\/interaccioninformativa.mx\/index.php\/wp-json\/wp\/v2\/posts\/1625","targetHints":{"allow":["GET"]}}],"collection":[{"href":"https:\/\/interaccioninformativa.mx\/index.php\/wp-json\/wp\/v2\/posts"}],"about":[{"href":"https:\/\/interaccioninformativa.mx\/index.php\/wp-json\/wp\/v2\/types\/post"}],"author":[{"embeddable":true,"href":"https:\/\/interaccioninformativa.mx\/index.php\/wp-json\/wp\/v2\/users\/1"}],"replies":[{"embeddable":true,"href":"https:\/\/interaccioninformativa.mx\/index.php\/wp-json\/wp\/v2\/comments?post=1625"}],"version-history":[{"count":1,"href":"https:\/\/interaccioninformativa.mx\/index.php\/wp-json\/wp\/v2\/posts\/1625\/revisions"}],"predecessor-version":[{"id":1627,"href":"https:\/\/interaccioninformativa.mx\/index.php\/wp-json\/wp\/v2\/posts\/1625\/revisions\/1627"}],"wp:featuredmedia":[{"embeddable":true,"href":"https:\/\/interaccioninformativa.mx\/index.php\/wp-json\/wp\/v2\/media\/1626"}],"wp:attachment":[{"href":"https:\/\/interaccioninformativa.mx\/index.php\/wp-json\/wp\/v2\/media?parent=1625"}],"wp:term":[{"taxonomy":"category","embeddable":true,"href":"https:\/\/interaccioninformativa.mx\/index.php\/wp-json\/wp\/v2\/categories?post=1625"},{"taxonomy":"post_tag","embeddable":true,"href":"https:\/\/interaccioninformativa.mx\/index.php\/wp-json\/wp\/v2\/tags?post=1625"}],"curies":[{"name":"wp","href":"https:\/\/api.w.org\/{rel}","templated":true}]}}