{"id":1628,"date":"2025-11-01T16:32:23","date_gmt":"2025-11-01T16:32:23","guid":{"rendered":"https:\/\/interaccioninformativa.mx\/?p=1628"},"modified":"2025-11-03T16:32:29","modified_gmt":"2025-11-03T16:32:29","slug":"tragedia-en-hermosillo-explosion-e-incendio-en-tienda-waldos-cobra-23-vidas-incluyendo-ninos-y-mujeres-embarazadas","status":"publish","type":"post","link":"https:\/\/interaccioninformativa.mx\/index.php\/2025\/11\/01\/tragedia-en-hermosillo-explosion-e-incendio-en-tienda-waldos-cobra-23-vidas-incluyendo-ninos-y-mujeres-embarazadas\/","title":{"rendered":"Tragedia en Hermosillo: Explosi\u00f3n e Incendio en Tienda Waldo&#8217;s Cobra 23 Vidas, Incluyendo Ni\u00f1os y Mujeres Embarazadas"},"content":{"rendered":"\n<figure class=\"wp-block-image size-large\"><img loading=\"lazy\" decoding=\"async\" width=\"1024\" height=\"640\" src=\"https:\/\/interaccioninformativa.mx\/wp-content\/uploads\/2025\/11\/Waldos-Incendio-Mortal-1024x640.jpg\" alt=\"\" class=\"wp-image-1629\" srcset=\"https:\/\/interaccioninformativa.mx\/wp-content\/uploads\/2025\/11\/Waldos-Incendio-Mortal-1024x640.jpg 1024w, https:\/\/interaccioninformativa.mx\/wp-content\/uploads\/2025\/11\/Waldos-Incendio-Mortal-300x188.jpg 300w, https:\/\/interaccioninformativa.mx\/wp-content\/uploads\/2025\/11\/Waldos-Incendio-Mortal-768x480.jpg 768w, https:\/\/interaccioninformativa.mx\/wp-content\/uploads\/2025\/11\/Waldos-Incendio-Mortal.jpg 1200w\" sizes=\"auto, (max-width: 1024px) 100vw, 1024px\" \/><\/figure>\n\n\n\n<p>Hermosillo, Sonora, se encuentra de luto profundo tras el devastador incendio provocado por una explosi\u00f3n en una sucursal de Waldo&#8217;s, ubicada en el coraz\u00f3n de la ciudad. El suceso, ocurrido el 1 de noviembre de 2025, dej\u00f3 un saldo tr\u00e1gico de al menos 23 personas fallecidas y 12 heridas, en un hecho que ha conmocionado a la naci\u00f3n y puesto en jaque la seguridad de las cadenas comerciales.<\/p>\n\n\n\n<h4 class=\"wp-block-heading\">Un Desastre que Arras\u00f3 con Familias Enteras<\/h4>\n\n\n\n<p>La explosi\u00f3n inicial, que se cree originada en un transformador el\u00e9ctrico defectuoso, desat\u00f3 un voraz incendio que consumi\u00f3 r\u00e1pidamente la tienda en la colonia Mar\u00eda Hidalgo. Entre las v\u00edctimas se encuentran ocho menores de edad y dos mujeres embarazadas, lo que agrava el impacto emocional de la tragedia. Autoridades locales y federales reportan que, hasta el momento, 21 cuerpos han sido identificados, mientras dos personas permanecen en estado cr\u00edtico en hospitales de la regi\u00f3n.<\/p>\n\n\n\n<p>Testigos describen escenas de caos: \u00abEscuchamos un estruendo ensordecedor y de pronto el humo lo invadi\u00f3 todo. La gente gritaba, intentaba salir, pero las llamas bloquearon las salidas\u00bb, relat\u00f3 un sobreviviente al portal local El Imparcial. Bomberos y elementos de Protecci\u00f3n Civil trabajaron durante horas para controlar el fuego y rescatar a los atrapados, pero el saldo fue irreversible.<\/p>\n\n\n\n<h4 class=\"wp-block-heading\">Investigaci\u00f3n en Marcha y Medidas Dr\u00e1sticas del Gobierno<\/h4>\n\n\n\n<p>La Fiscal\u00eda General de Justicia del Estado de Sonora ha iniciado una pesquisa exhaustiva para determinar las causas exactas del siniestro, con \u00e9nfasis en fallas en el sistema el\u00e9ctrico de la tienda. Mientras tanto, el Gobierno de Sonora orden\u00f3 el cierre temporal de las 68 sucursales de Waldo&#8217;s en todo el estado, como medida preventiva para evitar riesgos similares. Esta decisi\u00f3n ha generado debates sobre la responsabilidad corporativa y la necesidad de inspecciones m\u00e1s rigurosas en comercios de gran afluencia.<\/p>\n\n\n\n<p>El presidente de M\u00e9xico, en un mensaje de condolencias, expres\u00f3: \u00abNuestra solidaridad con las familias afectadas. No descansaremos hasta esclarecer este doloroso suceso y garantizar que no se repita\u00bb. La Cruz Roja y organizaciones locales han desplegado apoyo psicol\u00f3gico y econ\u00f3mico para los deudos, mientras Hermosillo declara tres d\u00edas de luto oficial.<\/p>\n\n\n\n<h4 class=\"wp-block-heading\">El Luto de una Ciudad y Llamados a la Prevenci\u00f3n<\/h4>\n\n\n\n<p>Historias desgarradoras emergen de las v\u00edctimas: Mar\u00eda Isabel Morales, de 20 a\u00f1os, acababa de iniciar su turno cuando ocurri\u00f3 la explosi\u00f3n; otros eran compradores cotidianos que buscaban art\u00edculos para el D\u00eda de Muertos. \u00abHermosillo llora la p\u00e9rdida de m\u00e1s seres queridos\u00bb, titul\u00f3 El Imparcial en su cobertura dominical, destacando la confirmaci\u00f3n de nuevas identidades entre los fallecidos.<\/p>\n\n\n\n<p>Este tr\u00e1gico evento no solo enluta a Sonora, sino que reaviva urgentes preguntas sobre la seguridad en espacios p\u00fablicos. Expertos en prevenci\u00f3n de desastres llaman a fortalecer normativas contra incendios y capacitar al personal comercial. Mientras las autoridades contin\u00faan las labores de limpieza y apoyo, la comunidad se une en vigilias y oraciones por las almas perdidas, record\u00e1ndonos la fragilidad de la vida en medio de la rutina diaria.<\/p>\n","protected":false},"excerpt":{"rendered":"<div class=\"mh-excerpt\"><p>Hermosillo, Sonora, se encuentra de luto profundo tras el devastador incendio provocado por una explosi\u00f3n en una sucursal de Waldo&#8217;s, ubicada en el coraz\u00f3n de <a class=\"mh-excerpt-more\" href=\"https:\/\/interaccioninformativa.mx\/index.php\/2025\/11\/01\/tragedia-en-hermosillo-explosion-e-incendio-en-tienda-waldos-cobra-23-vidas-incluyendo-ninos-y-mujeres-embarazadas\/\" title=\"Tragedia en Hermosillo: Explosi\u00f3n e Incendio en Tienda Waldo&#8217;s Cobra 23 Vidas, Incluyendo Ni\u00f1os y Mujeres Embarazadas\">[&#8230;]<\/a><\/p>\n<\/div>","protected":false},"author":1,"featured_media":1629,"comment_status":"open","ping_status":"closed","sticky":false,"template":"","format":"standard","meta":{"footnotes":""},"categories":[1],"tags":[],"class_list":["post-1628","post","type-post","status-publish","format-standard","has-post-thumbnail","hentry","category-noticias"],"_links":{"self":[{"href":"https:\/\/interaccioninformativa.mx\/index.php\/wp-json\/wp\/v2\/posts\/1628","targetHints":{"allow":["GET"]}}],"collection":[{"href":"https:\/\/interaccioninformativa.mx\/index.php\/wp-json\/wp\/v2\/posts"}],"about":[{"href":"https:\/\/interaccioninformativa.mx\/index.php\/wp-json\/wp\/v2\/types\/post"}],"author":[{"embeddable":true,"href":"https:\/\/interaccioninformativa.mx\/index.php\/wp-json\/wp\/v2\/users\/1"}],"replies":[{"embeddable":true,"href":"https:\/\/interaccioninformativa.mx\/index.php\/wp-json\/wp\/v2\/comments?post=1628"}],"version-history":[{"count":1,"href":"https:\/\/interaccioninformativa.mx\/index.php\/wp-json\/wp\/v2\/posts\/1628\/revisions"}],"predecessor-version":[{"id":1630,"href":"https:\/\/interaccioninformativa.mx\/index.php\/wp-json\/wp\/v2\/posts\/1628\/revisions\/1630"}],"wp:featuredmedia":[{"embeddable":true,"href":"https:\/\/interaccioninformativa.mx\/index.php\/wp-json\/wp\/v2\/media\/1629"}],"wp:attachment":[{"href":"https:\/\/interaccioninformativa.mx\/index.php\/wp-json\/wp\/v2\/media?parent=1628"}],"wp:term":[{"taxonomy":"category","embeddable":true,"href":"https:\/\/interaccioninformativa.mx\/index.php\/wp-json\/wp\/v2\/categories?post=1628"},{"taxonomy":"post_tag","embeddable":true,"href":"https:\/\/interaccioninformativa.mx\/index.php\/wp-json\/wp\/v2\/tags?post=1628"}],"curies":[{"name":"wp","href":"https:\/\/api.w.org\/{rel}","templated":true}]}}