{"id":1632,"date":"2025-11-02T16:38:40","date_gmt":"2025-11-02T16:38:40","guid":{"rendered":"https:\/\/interaccioninformativa.mx\/?p=1632"},"modified":"2025-11-03T16:38:48","modified_gmt":"2025-11-03T16:38:48","slug":"tragedia-en-michoacan-asesinan-a-carlos-manzo-alcalde-de-uruapan-durante-celebracion-del-dia-de-muertos","status":"publish","type":"post","link":"https:\/\/interaccioninformativa.mx\/index.php\/2025\/11\/02\/tragedia-en-michoacan-asesinan-a-carlos-manzo-alcalde-de-uruapan-durante-celebracion-del-dia-de-muertos\/","title":{"rendered":"Tragedia en Michoac\u00e1n: Asesinan a Carlos Manzo, Alcalde de Uruapan, Durante Celebraci\u00f3n del D\u00eda de Muertos"},"content":{"rendered":"\n<figure class=\"wp-block-image size-full\"><img loading=\"lazy\" decoding=\"async\" width=\"800\" height=\"449\" src=\"https:\/\/interaccioninformativa.mx\/wp-content\/uploads\/2025\/11\/12d09720-b806-11f0-8f42-c1f60875a777.jpg.webp\" alt=\"\" class=\"wp-image-1633\" srcset=\"https:\/\/interaccioninformativa.mx\/wp-content\/uploads\/2025\/11\/12d09720-b806-11f0-8f42-c1f60875a777.jpg.webp 800w, https:\/\/interaccioninformativa.mx\/wp-content\/uploads\/2025\/11\/12d09720-b806-11f0-8f42-c1f60875a777.jpg-300x168.webp 300w, https:\/\/interaccioninformativa.mx\/wp-content\/uploads\/2025\/11\/12d09720-b806-11f0-8f42-c1f60875a777.jpg-768x431.webp 768w, https:\/\/interaccioninformativa.mx\/wp-content\/uploads\/2025\/11\/12d09720-b806-11f0-8f42-c1f60875a777.jpg-678x381.webp 678w\" sizes=\"auto, (max-width: 800px) 100vw, 800px\" \/><\/figure>\n\n\n\n<p>Uruapan, la \u00abCiudad de la Eternidad Eterna\u00bb en Michoac\u00e1n, se ti\u00f1\u00f3 de sangre y luto la noche del 1 de noviembre de 2025, cuando un comando armado irrumpi\u00f3 en una festiva celebraci\u00f3n del D\u00eda de Muertos para acabar con la vida de Carlos Manzo Rodr\u00edguez, el alcalde de la localidad. El ataque, perpetrado en la plaza principal ante cientos de asistentes, no solo seg\u00f3 una vida, sino que reaviv\u00f3 el terror de la violencia narco en una regi\u00f3n asediada por c\u00e1rteles rivales.<\/p>\n\n\n\n<h4 class=\"wp-block-heading\">Un Ataque Implacable en Plena Fiesta Ancestral<\/h4>\n\n\n\n<p>Manzo, de 45 a\u00f1os y padre de familia, se encontraba presidiendo un evento cultural masivo en honor a los difuntos, con altares de flores de cempas\u00fachil, ofrendas y danzas tradicionales iluminando la noche. De repente, alrededor de las 9:00 p.m., un grupo de sicarios abri\u00f3 fuego con armas de alto calibre contra el edil, quien cay\u00f3 herido de muerte pese a la presencia de un operativo de seguridad federal y municipal. \u00abDos hombres encapuchados descendieron de una camioneta y dispararon directamente contra \u00e9l\u00bb, detallaron testigos a la prensa local, describiendo escenas de p\u00e1nico donde familias con ni\u00f1os corr\u00edan despavoridas entre el humo y los ecos de las calaveras literarias.<\/p>\n\n\n\n<p>El alcalde fue trasladado de urgencia al Hospital General de Uruapan, pero sucumbi\u00f3 a sus heridas horas despu\u00e9s, confirmando la Fiscal\u00eda General del Estado de Michoac\u00e1n el homicidio como un \u00abataque dirigido\u00bb. No se reportaron v\u00edctimas adicionales entre los asistentes, pero el impacto psicol\u00f3gico ha sido devastador en una ciudad que ya convive con el miedo cotidiano.<\/p>\n\n\n\n<h4 class=\"wp-block-heading\">El Legado de un Alcalde en Guerra Contra los C\u00e1rteles<\/h4>\n\n\n\n<p>Carlos Manzo no era un pol\u00edtico cualquiera: en los \u00faltimos dos a\u00f1os de su mandato, se hab\u00eda posicionado como un f\u00e9rreo opositor a los c\u00e1rteles de La Familia Michoacana y el C\u00e1rtel Jalisco Nueva Generaci\u00f3n (CJNG), que disputan el control de la producci\u00f3n de aguacate \u2014el \u00aboro verde\u00bb de la regi\u00f3n\u2014. Su administraci\u00f3n impuls\u00f3 operativos contra plant\u00edos ilegales, decomisos de armas y alianzas con la Guardia Nacional, lo que lo convirti\u00f3 en \u00abuna piedra en el zapato\u00bb para los criminales, seg\u00fan analistas. \u00abDeclar\u00f3 la guerra a los narcos y pag\u00f3 con su vida\u00bb, lament\u00f3 un colaborador cercano en declaraciones a CNN.<\/p>\n\n\n\n<p>Su asesinato se suma a una escalada de violencia en Michoac\u00e1n, donde al menos cinco funcionarios locales han sido ejecutados en 2025, en un contexto de disputas territoriales que han dejado cientos de muertos. Organizaciones como M\u00e9xico Eval\u00faa han advertido que estos ataques buscan desestabilizar a las autoridades y sembrar el caos electoral de cara a las elecciones de 2027.<\/p>\n\n\n\n<h4 class=\"wp-block-heading\">Condenas, Protestas y un Grito por Justicia<\/h4>\n\n\n\n<p>La noticia desat\u00f3 una ola de indignaci\u00f3n nacional. La presidenta Claudia Sheinbaum, en un mensaje desde Palacio Nacional, calific\u00f3 el crimen como \u00abcobarde y vil\u00bb, afirmando que \u00abla \u00fanica manera de construir paz es con justicia implacable\u00bb. Anunci\u00f3 el env\u00edo de refuerzos federales a Uruapan y una investigaci\u00f3n a cargo de la Fiscal\u00eda General de la Rep\u00fablica (FGR), prometiendo \u00abno descansar hasta capturar a los responsables\u00bb.<\/p>\n\n\n\n<p>En las calles, el dolor se transform\u00f3 en rabia: miles de uruapanenses marcharon el 2 y 3 de noviembre exigiendo el fin de la impunidad, con pancartas que rezaban \u00ab\u00a1No m\u00e1s sangre en nuestras fiestas!\u00bb y \u00abJusticia para Manzo\u00bb. El gobernador Alfredo Ram\u00edrez Bedolla fue abucheado durante una visita al lugar del crimen, acusado de inacci\u00f3n contra la delincuencia. Figuras como el ex presidente Andr\u00e9s Manuel L\u00f3pez Obrador tambi\u00e9n se pronunciaron, recordando que \u00abla violencia no se combate con balas, sino con oportunidades\u00bb.<\/p>\n\n\n\n<p>Internacionalmente, medios como The New York Times y BBC han cubierto el suceso como un s\u00edmbolo de la crisis de seguridad en M\u00e9xico, donde m\u00e1s de 100 alcaldes han sido asesinados desde 2006. La ONU y Amnist\u00eda Internacional han llamado a una \u00abrespuesta coordinada\u00bb para proteger a funcionarios locales.<\/p>\n\n\n\n<h4 class=\"wp-block-heading\">Un Luto que Une a M\u00e9xico en la Noche de Muertos<\/h4>\n\n\n\n<p>El asesinato de Carlos Manzo no solo interrumpe las tradiciones milenarias del D\u00eda de Muertos \u2014patrimonio de la humanidad\u2014, sino que cuestiona la fragilidad de la democracia en zonas de alto riesgo. Mientras Uruapan declara tres d\u00edas de luto oficial y erige un altar improvisado en la plaza para honrar a su l\u00edder ca\u00eddo, su familia y allegados lo despiden como un \u00abhombre valiente que so\u00f1\u00f3 con una ciudad en paz\u00bb.<\/p>\n\n\n\n<p>Este crimen, en el coraz\u00f3n de una celebraci\u00f3n que une vivos y muertos, nos recuerda la urgencia de romper el ciclo de violencia. \u00bfResponder\u00e1 el Estado con acciones concretas, o ser\u00e1 otro eco en la impunidad? Las velas de los altares parpadean, esperando respuestas en la oscuridad.<\/p>\n","protected":false},"excerpt":{"rendered":"<div class=\"mh-excerpt\"><p>Uruapan, la \u00abCiudad de la Eternidad Eterna\u00bb en Michoac\u00e1n, se ti\u00f1\u00f3 de sangre y luto la noche del 1 de noviembre de 2025, cuando un <a class=\"mh-excerpt-more\" href=\"https:\/\/interaccioninformativa.mx\/index.php\/2025\/11\/02\/tragedia-en-michoacan-asesinan-a-carlos-manzo-alcalde-de-uruapan-durante-celebracion-del-dia-de-muertos\/\" title=\"Tragedia en Michoac\u00e1n: Asesinan a Carlos Manzo, Alcalde de Uruapan, Durante Celebraci\u00f3n del D\u00eda de Muertos\">[&#8230;]<\/a><\/p>\n<\/div>","protected":false},"author":1,"featured_media":1633,"comment_status":"open","ping_status":"closed","sticky":false,"template":"","format":"standard","meta":{"footnotes":""},"categories":[1],"tags":[],"class_list":["post-1632","post","type-post","status-publish","format-standard","has-post-thumbnail","hentry","category-noticias"],"_links":{"self":[{"href":"https:\/\/interaccioninformativa.mx\/index.php\/wp-json\/wp\/v2\/posts\/1632","targetHints":{"allow":["GET"]}}],"collection":[{"href":"https:\/\/interaccioninformativa.mx\/index.php\/wp-json\/wp\/v2\/posts"}],"about":[{"href":"https:\/\/interaccioninformativa.mx\/index.php\/wp-json\/wp\/v2\/types\/post"}],"author":[{"embeddable":true,"href":"https:\/\/interaccioninformativa.mx\/index.php\/wp-json\/wp\/v2\/users\/1"}],"replies":[{"embeddable":true,"href":"https:\/\/interaccioninformativa.mx\/index.php\/wp-json\/wp\/v2\/comments?post=1632"}],"version-history":[{"count":1,"href":"https:\/\/interaccioninformativa.mx\/index.php\/wp-json\/wp\/v2\/posts\/1632\/revisions"}],"predecessor-version":[{"id":1634,"href":"https:\/\/interaccioninformativa.mx\/index.php\/wp-json\/wp\/v2\/posts\/1632\/revisions\/1634"}],"wp:featuredmedia":[{"embeddable":true,"href":"https:\/\/interaccioninformativa.mx\/index.php\/wp-json\/wp\/v2\/media\/1633"}],"wp:attachment":[{"href":"https:\/\/interaccioninformativa.mx\/index.php\/wp-json\/wp\/v2\/media?parent=1632"}],"wp:term":[{"taxonomy":"category","embeddable":true,"href":"https:\/\/interaccioninformativa.mx\/index.php\/wp-json\/wp\/v2\/categories?post=1632"},{"taxonomy":"post_tag","embeddable":true,"href":"https:\/\/interaccioninformativa.mx\/index.php\/wp-json\/wp\/v2\/tags?post=1632"}],"curies":[{"name":"wp","href":"https:\/\/api.w.org\/{rel}","templated":true}]}}