{"id":1635,"date":"2025-11-02T16:41:25","date_gmt":"2025-11-02T16:41:25","guid":{"rendered":"https:\/\/interaccioninformativa.mx\/?p=1635"},"modified":"2025-11-03T16:41:36","modified_gmt":"2025-11-03T16:41:36","slug":"indignacion-colectiva-en-uruapan-abuchean-y-corren-a-ramirez-bedolla-en-funeral-de-carlos-manzo-con-gritos-de-asesino-e-inutil","status":"publish","type":"post","link":"https:\/\/interaccioninformativa.mx\/index.php\/2025\/11\/02\/indignacion-colectiva-en-uruapan-abuchean-y-corren-a-ramirez-bedolla-en-funeral-de-carlos-manzo-con-gritos-de-asesino-e-inutil\/","title":{"rendered":"Indignaci\u00f3n Colectiva en Uruapan: Abuchean y Corren a Ram\u00edrez Bedolla en Funeral de Carlos Manzo con Gritos de &#8216;\u00a1Asesino!&#8217; e &#8216;\u00a1In\u00fatil!&#8217;"},"content":{"rendered":"\n<figure class=\"wp-block-image size-large\"><img loading=\"lazy\" decoding=\"async\" width=\"1024\" height=\"683\" src=\"https:\/\/interaccioninformativa.mx\/wp-content\/uploads\/2025\/11\/carlos-manzo-alcalde-uruapan-michoacan-funeral-corren-abuchean-bedolla-021125-1-1024x683.jpg\" alt=\"\" class=\"wp-image-1636\" srcset=\"https:\/\/interaccioninformativa.mx\/wp-content\/uploads\/2025\/11\/carlos-manzo-alcalde-uruapan-michoacan-funeral-corren-abuchean-bedolla-021125-1-1024x683.jpg 1024w, https:\/\/interaccioninformativa.mx\/wp-content\/uploads\/2025\/11\/carlos-manzo-alcalde-uruapan-michoacan-funeral-corren-abuchean-bedolla-021125-1-300x200.jpg 300w, https:\/\/interaccioninformativa.mx\/wp-content\/uploads\/2025\/11\/carlos-manzo-alcalde-uruapan-michoacan-funeral-corren-abuchean-bedolla-021125-1-768x512.jpg 768w, https:\/\/interaccioninformativa.mx\/wp-content\/uploads\/2025\/11\/carlos-manzo-alcalde-uruapan-michoacan-funeral-corren-abuchean-bedolla-021125-1.jpg 1200w\" sizes=\"auto, (max-width: 1024px) 100vw, 1024px\" \/><\/figure>\n\n\n\n<p>Uruapan, Michoac\u00e1n, vivi\u00f3 este 2 de noviembre de 2025 un momento de furia contenida y dolor crudo durante el velorio del alcalde asesinado Carlos Manzo Rodr\u00edguez. Lo que deb\u00eda ser un homenaje solemne al l\u00edder ca\u00eddo se transform\u00f3 en un estallido de reclamos contra el gobernador Alfredo Ram\u00edrez Bedolla, quien fue recibido y despedido con abucheos ensordecedores, insultos y demandas de justicia. La escena, capturada en videos virales, encapsula la frustraci\u00f3n de una ciudadan\u00eda harta de la violencia que azota la regi\u00f3n avacatera.<\/p>\n\n\n\n<h4 class=\"wp-block-heading\">Un Velorio Convertido en Protesta: La Llegada del Gobernador Bajo Lluvia de Insultos<\/h4>\n\n\n\n<p>Ram\u00edrez Bedolla lleg\u00f3 al sal\u00f3n f\u00fanebre en el coraz\u00f3n de Uruapan pasadas las 4:00 p.m., con la intenci\u00f3n de ofrecer condolencias a la familia de Manzo y reiterar el compromiso estatal contra el crimen organizado. Sin embargo, apenas descendi\u00f3 de su convoy, fue recibido por una multitud enardecida que no escatim\u00f3 en palabras: \u00ab\u00a1Fuera, asesino!\u00bb, \u00ab\u00a1In\u00fatil, renuncia!\u00bb y \u00ab\u00a1Morena asesina!\u00bb resonaron en el aire, mientras familiares, funcionarios locales y ciudadanos comunes lo increpaban sin piedad. El gobernador, visiblemente tenso, intent\u00f3 avanzar hacia el ata\u00fad, pero la hostilidad lo oblig\u00f3 a dar media vuelta y retirarse precipitadamente, escoltado por su seguridad.<\/p>\n\n\n\n<p>Videos difundidos en redes sociales muestran el caos: una mujer cercana a la familia de Manzo lo confronta directamente, gritando \u00ab\u00a1T\u00fa eres responsable de esto!\u00bb, mientras otros asistentes lanzan consignas contra la inacci\u00f3n gubernamental. \u00abNo lo dejamos ni acercarse; este hombre ha fallado a Michoac\u00e1n\u00bb, relat\u00f3 un testigo a Azteca Noticias, destacando c\u00f3mo el incidente interrumpi\u00f3 el duelo por m\u00e1s de 20 minutos.<\/p>\n\n\n\n<h4 class=\"wp-block-heading\">Antecedentes de una Ruptura Irreparable: De las Cr\u00edticas a la Confrontaci\u00f3n P\u00fablica<\/h4>\n\n\n\n<p>La animadversidad no es nueva. Carlos Manzo, asesinado la v\u00edspera durante una celebraci\u00f3n del D\u00eda de Muertos, hab\u00eda chocado p\u00fablicamente con Ram\u00edrez Bedolla en repetidas ocasiones. El alcalde acusaba al gobernador de complicidad con el crimen organizado y de socavar sus esfuerzos por erradicar plant\u00edos ilegales de aguacate controlados por c\u00e1rteles como el CJNG y La Familia Michoacana. En una entrevista reciente, Manzo lo tild\u00f3 de \u00abcorrupto\u00bb y \u00abc\u00f3mplice\u00bb, lo que gener\u00f3 tensiones que culminaron en burlas del propio Bedolla hacia la \u00abpostura de cero tolerancia\u00bb del edil.<\/p>\n\n\n\n<p>Este contexto de desconfianza explica la explosi\u00f3n en el funeral: para muchos uruapanenses, el asesinato de Manzo \u2014presuntamente orquestado por narcos en represalia por sus operativos\u2014 es el fracaso culminante de una administraci\u00f3n estatal incapaz de frenar la escalada de violencia en Michoac\u00e1n, donde cinco funcionarios han sido ejecutados solo en 2025.<\/p>\n\n\n\n<h4 class=\"wp-block-heading\">Reacciones: De la Indignaci\u00f3n Popular a las Promesas Oficiales<\/h4>\n\n\n\n<p>El episodio desat\u00f3 una tormenta de reacciones. La familia de Manzo emiti\u00f3 un comunicado agradeciendo el apoyo ciudadano pero lamentando \u00abel dolor agravado por la pol\u00edtica\u00bb, mientras que el PAN local, partido del difunto alcalde, exigi\u00f3 la renuncia inmediata de Bedolla y una auditor\u00eda federal a su gesti\u00f3n. En redes, el hashtag #FueraBedolla super\u00f3 el mill\u00f3n de menciones en horas, con memes y testimonios que lo pintan como s\u00edmbolo de la impunidad.<\/p>\n\n\n\n<p>Por su parte, el gobernador, en un mensaje posterior desde Morelia, admiti\u00f3 el \u00abdolor compartido\u00bb y prometi\u00f3 \u00abacciones contundentes\u00bb contra los responsables del crimen, incluyendo el despliegue de 500 elementos de la Guardia Nacional en Uruapan. \u00abEntiendo la rabia; no descansaremos hasta dar justicia\u00bb, declar\u00f3, aunque sus palabras cayeron en o\u00eddos sordos para los manifestantes, que ese mismo d\u00eda irrumpieron en el Palacio de Gobierno con gritos de \u00ab\u00a1Fuera Morena!\u00bb.<\/p>\n\n\n\n<p>A nivel nacional, la presidenta Claudia Sheinbaum guard\u00f3 silencio inicial, pero fuentes cercanas indican que se eval\u00faa una intervenci\u00f3n federal en Michoac\u00e1n para mediar el conflicto.<\/p>\n\n\n\n<h4 class=\"wp-block-heading\">Un Grito que Retumba: \u00bfEl Fin de una Alianza Pol\u00edtica en Michoac\u00e1n?<\/h4>\n\n\n\n<p>Este abucheo no es solo un desahogo; es un term\u00f3metro de la crisis de legitimidad en el estado. Analistas como los de M\u00e9xico Eval\u00faa advierten que incidentes como este erosionan la gobernabilidad y fortalecen a los c\u00e1rteles, que prosperan en el vac\u00edo de autoridad. Mientras Uruapan se prepara para el sepelio de Manzo este 3 de noviembre \u2014con miles esperados en una marcha por la paz\u2014, la pregunta persiste: \u00bfresponder\u00e1 Bedolla con reformas reales, o ser\u00e1 otro cap\u00edtulo en la cr\u00f3nica de la violencia michoacana?<\/p>\n\n\n\n<p>En la \u00abCiudad de los \u00c1rboles\u00bb, donde las ofrendas del D\u00eda de Muertos a\u00fan humean, el eco de \u00ab\u00a1Asesino!\u00bb sirve de recordatorio brutal: la paz no se decreta, se construye. Y hoy, m\u00e1s que nunca, Michoac\u00e1n exige cuentas.<\/p>\n","protected":false},"excerpt":{"rendered":"<div class=\"mh-excerpt\"><p>Uruapan, Michoac\u00e1n, vivi\u00f3 este 2 de noviembre de 2025 un momento de furia contenida y dolor crudo durante el velorio del alcalde asesinado Carlos Manzo <a class=\"mh-excerpt-more\" href=\"https:\/\/interaccioninformativa.mx\/index.php\/2025\/11\/02\/indignacion-colectiva-en-uruapan-abuchean-y-corren-a-ramirez-bedolla-en-funeral-de-carlos-manzo-con-gritos-de-asesino-e-inutil\/\" title=\"Indignaci\u00f3n Colectiva en Uruapan: Abuchean y Corren a Ram\u00edrez Bedolla en Funeral de Carlos Manzo con Gritos de &#8216;\u00a1Asesino!&#8217; e &#8216;\u00a1In\u00fatil!&#8217;\">[&#8230;]<\/a><\/p>\n<\/div>","protected":false},"author":1,"featured_media":1636,"comment_status":"open","ping_status":"closed","sticky":false,"template":"","format":"standard","meta":{"footnotes":""},"categories":[1],"tags":[],"class_list":["post-1635","post","type-post","status-publish","format-standard","has-post-thumbnail","hentry","category-noticias"],"_links":{"self":[{"href":"https:\/\/interaccioninformativa.mx\/index.php\/wp-json\/wp\/v2\/posts\/1635","targetHints":{"allow":["GET"]}}],"collection":[{"href":"https:\/\/interaccioninformativa.mx\/index.php\/wp-json\/wp\/v2\/posts"}],"about":[{"href":"https:\/\/interaccioninformativa.mx\/index.php\/wp-json\/wp\/v2\/types\/post"}],"author":[{"embeddable":true,"href":"https:\/\/interaccioninformativa.mx\/index.php\/wp-json\/wp\/v2\/users\/1"}],"replies":[{"embeddable":true,"href":"https:\/\/interaccioninformativa.mx\/index.php\/wp-json\/wp\/v2\/comments?post=1635"}],"version-history":[{"count":1,"href":"https:\/\/interaccioninformativa.mx\/index.php\/wp-json\/wp\/v2\/posts\/1635\/revisions"}],"predecessor-version":[{"id":1637,"href":"https:\/\/interaccioninformativa.mx\/index.php\/wp-json\/wp\/v2\/posts\/1635\/revisions\/1637"}],"wp:featuredmedia":[{"embeddable":true,"href":"https:\/\/interaccioninformativa.mx\/index.php\/wp-json\/wp\/v2\/media\/1636"}],"wp:attachment":[{"href":"https:\/\/interaccioninformativa.mx\/index.php\/wp-json\/wp\/v2\/media?parent=1635"}],"wp:term":[{"taxonomy":"category","embeddable":true,"href":"https:\/\/interaccioninformativa.mx\/index.php\/wp-json\/wp\/v2\/categories?post=1635"},{"taxonomy":"post_tag","embeddable":true,"href":"https:\/\/interaccioninformativa.mx\/index.php\/wp-json\/wp\/v2\/tags?post=1635"}],"curies":[{"name":"wp","href":"https:\/\/api.w.org\/{rel}","templated":true}]}}