{"id":1641,"date":"2025-11-03T16:49:50","date_gmt":"2025-11-03T16:49:50","guid":{"rendered":"https:\/\/interaccioninformativa.mx\/?p=1641"},"modified":"2025-11-03T16:49:50","modified_gmt":"2025-11-03T16:49:50","slug":"furia-en-las-calles-de-uruapan-marcha-por-el-asesinato-de-carlos-manzo-culmina-en-irrupcion-al-palacio-de-gobierno-michoacano","status":"publish","type":"post","link":"https:\/\/interaccioninformativa.mx\/index.php\/2025\/11\/03\/furia-en-las-calles-de-uruapan-marcha-por-el-asesinato-de-carlos-manzo-culmina-en-irrupcion-al-palacio-de-gobierno-michoacano\/","title":{"rendered":"Furia en las Calles de Uruapan: Marcha por el Asesinato de Carlos Manzo Culmina en Irrupci\u00f3n al Palacio de Gobierno Michoacano"},"content":{"rendered":"\n<figure class=\"wp-block-image size-full\"><img loading=\"lazy\" decoding=\"async\" width=\"992\" height=\"558\" src=\"https:\/\/interaccioninformativa.mx\/wp-content\/uploads\/2025\/11\/descarga.webp\" alt=\"\" class=\"wp-image-1642\" srcset=\"https:\/\/interaccioninformativa.mx\/wp-content\/uploads\/2025\/11\/descarga.webp 992w, https:\/\/interaccioninformativa.mx\/wp-content\/uploads\/2025\/11\/descarga-300x169.webp 300w, https:\/\/interaccioninformativa.mx\/wp-content\/uploads\/2025\/11\/descarga-768x432.webp 768w, https:\/\/interaccioninformativa.mx\/wp-content\/uploads\/2025\/11\/descarga-678x381.webp 678w\" sizes=\"auto, (max-width: 992px) 100vw, 992px\" \/><\/figure>\n\n\n\n<p>Uruapan, Michoac\u00e1n, amaneci\u00f3 este 3 de noviembre de 2025 bajo un manto de indignaci\u00f3n y humo de antorchas improvisadas. Lo que inici\u00f3 como una marcha pac\u00edfica en memoria del alcalde Carlos Manzo Rodr\u00edguez \u2014cruelmente asesinado hace dos d\u00edas durante las celebraciones del D\u00eda de Muertos\u2014 deriv\u00f3 en un asalto colectivo al Palacio de Gobierno estatal, donde manifestantes furiosos irrumpieron exigiendo justicia y la cabeza del gobernador Alfredo Ram\u00edrez Bedolla. El episodio, que dej\u00f3 vidrios rotos, consignas pintadas y un saldo de tres detenidos, marca un punto de inflexi\u00f3n en la crisis de seguridad que devora al coraz\u00f3n avacatero de M\u00e9xico.<\/p>\n\n\n\n<h4 class=\"wp-block-heading\">De la Conmoci\u00f3n al Desborde: Cr\u00f3nica de una Protesta que Escal\u00f3<\/h4>\n\n\n\n<p>La convocatoria surgi\u00f3 en redes sociales apenas horas despu\u00e9s del abucheo al gobernador en el funeral de Manzo, el s\u00e1bado anterior. Miles de uruapanenses \u2014desde amas de casa con velas en mano hasta productores de aguacate armados con carteles\u2014 se congregaron a las 10:00 a.m. en la Plaza Morelos, epicentro de la ciudad eterna. \u00ab\u00a1Justicia para Carlos! \u00a1No m\u00e1s sangre narco!\u00bb, coreaban al un\u00edsono, portando fotos del alcalde, flores de cempas\u00fachil y ata\u00fades simb\u00f3licos que evocaban las tradiciones muertas por la violencia.<\/p>\n\n\n\n<p>La procesi\u00f3n avanz\u00f3 por las avenidas empedradas de Uruapan, pasando por el sitio del crimen \u2014la plaza donde Manzo cay\u00f3 acribillado por sicarios del CJNG o La Familia Michoacana, seg\u00fan investigaciones preliminares\u2014. Testigos describen un ambiente inicial de duelo solemne: rezos, cantos p\u00farpura y testimonios de vecinos que lo recuerdan como \u00abel \u00fanico que nos defendi\u00f3 del narco\u00bb. Pero al aproximarse al Palacio de Gobierno, a escasos 500 metros del centro, la rabia estall\u00f3. \u00ab\u00a1Bedolla asesino, sal de ah\u00ed!\u00bb, gritaron al ver custodios estatales bloqueando la entrada.<\/p>\n\n\n\n<p>En un arrebato colectivo, un grupo de unas 200 personas \u2014incluyendo familiares de v\u00edctimas previas de la violencia\u2014 derrib\u00f3 las rejas perimetrales y forz\u00f3 las puertas principales alrededor de las 12:30 p.m. Una vez adentro, el caos se apoder\u00f3 del edificio hist\u00f3rico: se lanzaron huevos y tomates contra retratos oficiales, se garabatearon paredes con \u00ab\u00a1Renuncia, c\u00f3mplice!\u00bb y se iz\u00f3 una bandera del PAN, partido de Manzo, en el balc\u00f3n principal. \u00abNo \u00edbamos a quedarnos callados; esto es por todos los que han muerto por culpa de la impunidad\u00bb, relat\u00f3 Mar\u00eda Elena Torres, una manifestante de 52 a\u00f1os y viuda de un productor ejecutado en 2023, a reporteros de Quadrat\u00edn.<\/p>\n\n\n\n<p>La irrupci\u00f3n dur\u00f3 apenas 45 minutos, hasta que agentes de la Polic\u00eda Estatal y la Guardia Nacional intervinieron con gases lacrim\u00f3genos y escudos antidisturbios, dispersando a la multitud sin reportes de heridos graves. Tres personas \u2014dos hombres y una mujer\u2014 fueron arrestadas por \u00abda\u00f1os a instalaciones p\u00fablicas\u00bb, seg\u00fan un bolet\u00edn oficial, aunque defensores de derechos humanos como el Centro Morelense de Derechos Humanos ya exigen su liberaci\u00f3n inmediata.<\/p>\n\n\n\n<h4 class=\"wp-block-heading\">Contexto de una Ciudad Hervida: El Legado de Manzo y la Ira Acumulada<\/h4>\n\n\n\n<p>Carlos Manzo, de 45 a\u00f1os, no era solo un alcalde; era un s\u00edmbolo de resistencia en un Michoac\u00e1n donde el control narco sobre el aguacate genera miles de millones pero tambi\u00e9n r\u00edos de sangre. Su asesinato \u2014presuntamente en represalia por operativos contra huertos ilegales\u2014 se suma a los de al menos 120 pol\u00edticos locales desde 2006, seg\u00fan datos de la ONG M\u00e9xico Eval\u00faa. La marcha de hoy no surgi\u00f3 en el vac\u00edo: sigue al esc\u00e1ndalo del funeral, donde Bedolla fue tildado de \u00abin\u00fatil\u00bb y \u00abasesino\u00bb, y a una serie de protestas que han paralizado el comercio local.<\/p>\n\n\n\n<p>Analistas pol\u00edticos ven en esta irrupci\u00f3n un quiebre en la alianza Morena-PAN local, con el gobernador \u2014aliado de la 4T\u2014 acusado de pactar con c\u00e1rteles para mantener la \u00abpaz social\u00bb. \u00abManzo los incomodaba porque expon\u00eda la corrupci\u00f3n; ahora, la gente dice basta\u00bb, opina el experto en seguridad Javier Oliva Posil, en su columna para La Jornada.<\/p>\n\n\n\n<h4 class=\"wp-block-heading\">Repercusiones Nacionales: De las Condenas a las Promesas Federales<\/h4>\n\n\n\n<p>El incidente reverber\u00f3 hasta la capital. La presidenta Claudia Sheinbaum, en su ma\u00f1anera del lunes, conden\u00f3 la violencia \u00abde ambos lados\u00bb pero anunci\u00f3 el env\u00edo de 1,000 elementos federales adicionales a Michoac\u00e1n, junto con una comisi\u00f3n de la FGR para \u00abdesmantelar redes criminales en Uruapan\u00bb. \u00abEl duelo no justifica el desorden, pero la impunidad s\u00ed lo genera\u00bb, matiz\u00f3, mientras el PAN nacional exigi\u00f3 la destituci\u00f3n de Bedolla y elecciones extraordinarias.<\/p>\n\n\n\n<p>En redes, #JusticiaPorManzo y #FueraBedolla acumulan millones de interacciones, con videos de la irrupci\u00f3n viraliz\u00e1ndose globalmente \u2014hasta en The Guardian, que lo titul\u00f3 \u00abLa ira de los fantasmas de Muertos\u00bb\u2014. Organizaciones como Amnist\u00eda Internacional pidieron \u00abdi\u00e1logo en lugar de represi\u00f3n\u00bb, y el obispo de Apatzing\u00e1n ofici\u00f3 una misa por la paz que atrajo a cientos.<\/p>\n\n\n\n<p>Mientras el Palacio de Gobierno se limpia de consignas y se repara, Uruapan exhala un suspiro colectivo. El sepelio de Manzo, pautado para la tarde de este lunes, promete ser el ep\u00edlogo de un fin de semana de catarsis. Pero en las calles perfumadas de cempas\u00fachil, la pregunta late: \u00bfesta irrupci\u00f3n ser\u00e1 el catalizador de un cambio real, o solo otro cap\u00edtulo en la cr\u00f3nica de un estado sitiado? La eternidad de Uruapan, hoy, clama por respuestas vivas.<\/p>\n","protected":false},"excerpt":{"rendered":"<div class=\"mh-excerpt\"><p>Uruapan, Michoac\u00e1n, amaneci\u00f3 este 3 de noviembre de 2025 bajo un manto de indignaci\u00f3n y humo de antorchas improvisadas. Lo que inici\u00f3 como una marcha <a class=\"mh-excerpt-more\" href=\"https:\/\/interaccioninformativa.mx\/index.php\/2025\/11\/03\/furia-en-las-calles-de-uruapan-marcha-por-el-asesinato-de-carlos-manzo-culmina-en-irrupcion-al-palacio-de-gobierno-michoacano\/\" title=\"Furia en las Calles de Uruapan: Marcha por el Asesinato de Carlos Manzo Culmina en Irrupci\u00f3n al Palacio de Gobierno Michoacano\">[&#8230;]<\/a><\/p>\n<\/div>","protected":false},"author":1,"featured_media":1642,"comment_status":"open","ping_status":"closed","sticky":false,"template":"","format":"standard","meta":{"footnotes":""},"categories":[1],"tags":[],"class_list":["post-1641","post","type-post","status-publish","format-standard","has-post-thumbnail","hentry","category-noticias"],"_links":{"self":[{"href":"https:\/\/interaccioninformativa.mx\/index.php\/wp-json\/wp\/v2\/posts\/1641","targetHints":{"allow":["GET"]}}],"collection":[{"href":"https:\/\/interaccioninformativa.mx\/index.php\/wp-json\/wp\/v2\/posts"}],"about":[{"href":"https:\/\/interaccioninformativa.mx\/index.php\/wp-json\/wp\/v2\/types\/post"}],"author":[{"embeddable":true,"href":"https:\/\/interaccioninformativa.mx\/index.php\/wp-json\/wp\/v2\/users\/1"}],"replies":[{"embeddable":true,"href":"https:\/\/interaccioninformativa.mx\/index.php\/wp-json\/wp\/v2\/comments?post=1641"}],"version-history":[{"count":1,"href":"https:\/\/interaccioninformativa.mx\/index.php\/wp-json\/wp\/v2\/posts\/1641\/revisions"}],"predecessor-version":[{"id":1643,"href":"https:\/\/interaccioninformativa.mx\/index.php\/wp-json\/wp\/v2\/posts\/1641\/revisions\/1643"}],"wp:featuredmedia":[{"embeddable":true,"href":"https:\/\/interaccioninformativa.mx\/index.php\/wp-json\/wp\/v2\/media\/1642"}],"wp:attachment":[{"href":"https:\/\/interaccioninformativa.mx\/index.php\/wp-json\/wp\/v2\/media?parent=1641"}],"wp:term":[{"taxonomy":"category","embeddable":true,"href":"https:\/\/interaccioninformativa.mx\/index.php\/wp-json\/wp\/v2\/categories?post=1641"},{"taxonomy":"post_tag","embeddable":true,"href":"https:\/\/interaccioninformativa.mx\/index.php\/wp-json\/wp\/v2\/tags?post=1641"}],"curies":[{"name":"wp","href":"https:\/\/api.w.org\/{rel}","templated":true}]}}