{"id":1645,"date":"2025-11-03T16:58:30","date_gmt":"2025-11-03T16:58:30","guid":{"rendered":"https:\/\/interaccioninformativa.mx\/?p=1645"},"modified":"2025-11-03T16:58:30","modified_gmt":"2025-11-03T16:58:30","slug":"sheinbaum-responde-al-dolor-de-michoacan-no-habra-otra-guerra-contra-el-narco-tras-el-asesinato-de-carlos-manzo","status":"publish","type":"post","link":"https:\/\/interaccioninformativa.mx\/index.php\/2025\/11\/03\/sheinbaum-responde-al-dolor-de-michoacan-no-habra-otra-guerra-contra-el-narco-tras-el-asesinato-de-carlos-manzo\/","title":{"rendered":"Sheinbaum Responde al Dolor de Michoac\u00e1n: \u00abNo Habr\u00e1 Otra Guerra contra el Narco\u00bb Tras el Asesinato de Carlos Manzo"},"content":{"rendered":"\n<figure class=\"wp-block-image size-large\"><img loading=\"lazy\" decoding=\"async\" width=\"1024\" height=\"576\" src=\"https:\/\/interaccioninformativa.mx\/wp-content\/uploads\/2025\/11\/QOL6SZHXPFHPZPGC3KBN7ZQZAI-1024x576.avif\" alt=\"\" class=\"wp-image-1646\" srcset=\"https:\/\/interaccioninformativa.mx\/wp-content\/uploads\/2025\/11\/QOL6SZHXPFHPZPGC3KBN7ZQZAI-1024x576.avif 1024w, https:\/\/interaccioninformativa.mx\/wp-content\/uploads\/2025\/11\/QOL6SZHXPFHPZPGC3KBN7ZQZAI-300x169.avif 300w, https:\/\/interaccioninformativa.mx\/wp-content\/uploads\/2025\/11\/QOL6SZHXPFHPZPGC3KBN7ZQZAI-768x432.avif 768w, https:\/\/interaccioninformativa.mx\/wp-content\/uploads\/2025\/11\/QOL6SZHXPFHPZPGC3KBN7ZQZAI-678x381.avif 678w, https:\/\/interaccioninformativa.mx\/wp-content\/uploads\/2025\/11\/QOL6SZHXPFHPZPGC3KBN7ZQZAI.avif 1200w\" sizes=\"auto, (max-width: 1024px) 100vw, 1024px\" \/><\/figure>\n\n\n\n<p>Ciudad de M\u00e9xico, 3 de noviembre de 2025 \u2014 En medio de la tormenta pol\u00edtica desatada por el brutal asesinato del alcalde de Uruapan, Carlos Manzo Rodr\u00edguez, la presidenta Claudia Sheinbaum rompi\u00f3 el silencio este lunes durante su conferencia matutina, defendiendo con firmeza la estrategia de seguridad de la Cuarta Transformaci\u00f3n. Ante las crecientes cr\u00edticas que la se\u00f1alan de inacci\u00f3n frente al crimen organizado, la mandataria fue tajante: \u00abNo habr\u00e1 otra guerra contra el narco en Michoac\u00e1n ni en ning\u00fan lado. La paz se construye con justicia social, no con balas que solo multiplican el dolor\u00bb. Sus palabras, pronunciadas en el Sal\u00f3n Tesorer\u00eda de Palacio Nacional, buscan calmar las aguas en un estado convulso, pero han avivado el fuego de la oposici\u00f3n y las protestas callejeras.<\/p>\n\n\n\n<h4 class=\"wp-block-heading\">Un Discurso que Divide: De la Empat\u00eda a la Estrategia Nacional<\/h4>\n\n\n\n<p>Sheinbaum inici\u00f3 su intervenci\u00f3n con un minuto de silencio por Manzo, el edil panista de 45 a\u00f1os acribillado el 1 de noviembre durante las fiestas del D\u00eda de Muertos, un crimen atribuido preliminarmente a c\u00e1rteles rivales como el CJNG y La Familia Michoacana. \u00abExpreso mi m\u00e1s profunda solidaridad con la familia de Carlos, con Uruapan y con todo Michoac\u00e1n. Su muerte es un recordatorio brutal de lo que nos cuesta la impunidad heredada\u00bb, afirm\u00f3, visiblemente conmovida, antes de pivotar hacia su visi\u00f3n de seguridad.<\/p>\n\n\n\n<p>La presidenta rechaz\u00f3 de plano las demandas de una \u00abguerra frontal\u00bb contra el narcotr\u00e1fico, eco de la fallida estrategia de Felipe Calder\u00f3n que dej\u00f3 miles de muertos en la d\u00e9cada pasada. \u00abHemos visto lo que pasa cuando se responde con m\u00e1s violencia: m\u00e1s viudas, m\u00e1s hu\u00e9rfanos, m\u00e1s miedo. En lugar de eso, invertimos en programas sociales, en inteligencia y en la Guardia Nacional para atacar las ra\u00edces: la pobreza y la desigualdad que alimentan a estos monstruos\u00bb, detall\u00f3, anunciando un paquete de 2,000 millones de pesos para Michoac\u00e1n en becas Sembrando Vida y fortalecimiento de la Fiscal\u00eda General de la Rep\u00fablica (FGR). Entre las medidas, destac\u00f3 el despliegue de 1,500 elementos federales en Uruapan y una \u00abmesa de di\u00e1logo\u00bb con productores de aguacate para desmantelar econom\u00edas il\u00edcitas sin confrontaciones armadas.<\/p>\n\n\n\n<p>Esta postura no es improvisada: desde su llegada al poder en octubre de 2024, Sheinbaum ha priorizado la \u00abpaz por las urnas y el coraz\u00f3n\u00bb, continuando el legado de su antecesor L\u00f3pez Obrador, quien tambi\u00e9n evit\u00f3 escaladas militares en hotspots como Michoac\u00e1n.<\/p>\n\n\n\n<h4 class=\"wp-block-heading\">El Eco de las Cr\u00edticas: De las Calles de Uruapan a la Oposici\u00f3n Nacional<\/h4>\n\n\n\n<p>La reacci\u00f3n de Sheinbaum llega en un momento de ebullici\u00f3n. Apenas ayer, miles marcharon en Uruapan exigiendo justicia por Manzo, culminando en una irrupci\u00f3n al Palacio de Gobierno estatal donde abuchearon al gobernador Alfredo Ram\u00edrez Bedolla, tildado de \u00abc\u00f3mplice\u00bb por su supuesta tibieza contra los narcos. Familiares del alcalde y el PAN han acusado directamente al gobierno federal de \u00ababrazos, no balazos\u00bb que empoderan a los criminales, con el l\u00edder panista Marko Cort\u00e9s declarando en Twitter: \u00abMientras Sheinbaum habla de paz, los michoacanos entierran a sus l\u00edderes. \u00bfCu\u00e1ntos Manzo m\u00e1s para que cambien de estrategia?\u00bb.<\/p>\n\n\n\n<p>En Michoac\u00e1n, el clima es de desconfianza absoluta. El obispo de Morelia, monse\u00f1or Carlos Garfias, ofici\u00f3 una misa por la paz este domingo donde impl\u00edcitamente critic\u00f3 la \u00abfalta de autoridad\u00bb, y organizaciones como M\u00e9xico Eval\u00faa reportan que el estado acumula 15 ejecuciones de funcionarios en 2025, un 40% m\u00e1s que el a\u00f1o anterior. \u00abLa gente en Uruapan siente que el narco manda porque el Estado se retira\u00bb, analiz\u00f3 la experta en seguridad Laura Bonilla en una columna para El Universal.<\/p>\n\n\n\n<p>Incluso dentro de Morena, hay murmullos: Bedolla, aliado clave de la 4T, enfrenta presiones internas tras el bochornoso incidente en el funeral de Manzo, donde fue corrido entre gritos de \u00ab\u00a1Asesino!\u00bb. Fuentes cercanas al gobernador filtraron a Proceso que ya se eval\u00faa una reestructuraci\u00f3n en su gabinete de seguridad.<\/p>\n\n\n\n<h4 class=\"wp-block-heading\">Implicaciones para una Naci\u00f3n Herida: \u00bfPaz Sostenible o Rendici\u00f3n?<\/h4>\n\n\n\n<p>El pronunciamiento de Sheinbaum no solo responde a un crimen aislado, sino a una crisis sist\u00e9mica en Michoac\u00e1n, donde el control narco sobre el \u00aboro verde\u00bb \u2014el aguacate\u2014 genera disputas territoriales que dejan cientos de muertos al a\u00f1o. Analistas internacionales, como los de la BBC, ven en sus palabras un riesgo: \u00abM\u00e9xico apuesta por la contenci\u00f3n, pero sin resultados visibles, la frustraci\u00f3n podr\u00eda derivar en m\u00e1s vigilantismo o migraci\u00f3n masiva\u00bb. Por el contrario, defensores de la 4T, como el senador Ricardo Monreal, aplauden la \u00abvisi\u00f3n humanista\u00bb que prioriza la prevenci\u00f3n sobre la represi\u00f3n.<\/p>\n\n\n\n<p>Mientras Uruapan se despide de Manzo en un sepelio masivo este mediod\u00eda \u2014con caravanas de mototaxis y altares de cempas\u00fachil como tel\u00f3n de fondo\u2014, la pregunta persiste: \u00bfpodr\u00e1 la estrategia de Sheinbaum transformar el duelo en progreso, o ser\u00e1 vista como un discurso m\u00e1s en la impunidad? En Palacio Nacional, el pulso de la naci\u00f3n late con urgencia, record\u00e1ndonos que en M\u00e9xico, la paz no es un eslogan, sino una deuda con los ca\u00eddos.<\/p>\n","protected":false},"excerpt":{"rendered":"<div class=\"mh-excerpt\"><p>Ciudad de M\u00e9xico, 3 de noviembre de 2025 \u2014 En medio de la tormenta pol\u00edtica desatada por el brutal asesinato del alcalde de Uruapan, Carlos <a class=\"mh-excerpt-more\" href=\"https:\/\/interaccioninformativa.mx\/index.php\/2025\/11\/03\/sheinbaum-responde-al-dolor-de-michoacan-no-habra-otra-guerra-contra-el-narco-tras-el-asesinato-de-carlos-manzo\/\" title=\"Sheinbaum Responde al Dolor de Michoac\u00e1n: \u00abNo Habr\u00e1 Otra Guerra contra el Narco\u00bb Tras el Asesinato de Carlos Manzo\">[&#8230;]<\/a><\/p>\n<\/div>","protected":false},"author":1,"featured_media":1646,"comment_status":"open","ping_status":"closed","sticky":false,"template":"","format":"standard","meta":{"footnotes":""},"categories":[1],"tags":[],"class_list":["post-1645","post","type-post","status-publish","format-standard","has-post-thumbnail","hentry","category-noticias"],"_links":{"self":[{"href":"https:\/\/interaccioninformativa.mx\/index.php\/wp-json\/wp\/v2\/posts\/1645","targetHints":{"allow":["GET"]}}],"collection":[{"href":"https:\/\/interaccioninformativa.mx\/index.php\/wp-json\/wp\/v2\/posts"}],"about":[{"href":"https:\/\/interaccioninformativa.mx\/index.php\/wp-json\/wp\/v2\/types\/post"}],"author":[{"embeddable":true,"href":"https:\/\/interaccioninformativa.mx\/index.php\/wp-json\/wp\/v2\/users\/1"}],"replies":[{"embeddable":true,"href":"https:\/\/interaccioninformativa.mx\/index.php\/wp-json\/wp\/v2\/comments?post=1645"}],"version-history":[{"count":1,"href":"https:\/\/interaccioninformativa.mx\/index.php\/wp-json\/wp\/v2\/posts\/1645\/revisions"}],"predecessor-version":[{"id":1647,"href":"https:\/\/interaccioninformativa.mx\/index.php\/wp-json\/wp\/v2\/posts\/1645\/revisions\/1647"}],"wp:featuredmedia":[{"embeddable":true,"href":"https:\/\/interaccioninformativa.mx\/index.php\/wp-json\/wp\/v2\/media\/1646"}],"wp:attachment":[{"href":"https:\/\/interaccioninformativa.mx\/index.php\/wp-json\/wp\/v2\/media?parent=1645"}],"wp:term":[{"taxonomy":"category","embeddable":true,"href":"https:\/\/interaccioninformativa.mx\/index.php\/wp-json\/wp\/v2\/categories?post=1645"},{"taxonomy":"post_tag","embeddable":true,"href":"https:\/\/interaccioninformativa.mx\/index.php\/wp-json\/wp\/v2\/tags?post=1645"}],"curies":[{"name":"wp","href":"https:\/\/api.w.org\/{rel}","templated":true}]}}