{"id":1648,"date":"2025-11-03T17:02:34","date_gmt":"2025-11-03T17:02:34","guid":{"rendered":"https:\/\/interaccioninformativa.mx\/?p=1648"},"modified":"2025-11-03T17:02:34","modified_gmt":"2025-11-03T17:02:34","slug":"vietnam-bajo-la-mira-de-la-naturaleza-muertos-por-inundaciones-suben-a-37-mientras-el-tifon-kalmaegi-acecha-la-costa-central","status":"publish","type":"post","link":"https:\/\/interaccioninformativa.mx\/index.php\/2025\/11\/03\/vietnam-bajo-la-mira-de-la-naturaleza-muertos-por-inundaciones-suben-a-37-mientras-el-tifon-kalmaegi-acecha-la-costa-central\/","title":{"rendered":"Vietnam Bajo la Mira de la Naturaleza: Muertos por Inundaciones Suben a 37 Mientras el Tif\u00f3n Kalmaegi Acecha la Costa Central"},"content":{"rendered":"\n<figure class=\"wp-block-image size-large\"><img loading=\"lazy\" decoding=\"async\" width=\"1024\" height=\"693\" src=\"https:\/\/interaccioninformativa.mx\/wp-content\/uploads\/2025\/11\/dd7b00a83be9ea2fa562b46fd2a85a14-1024x693.webp\" alt=\"\" class=\"wp-image-1649\" srcset=\"https:\/\/interaccioninformativa.mx\/wp-content\/uploads\/2025\/11\/dd7b00a83be9ea2fa562b46fd2a85a14-1024x693.webp 1024w, https:\/\/interaccioninformativa.mx\/wp-content\/uploads\/2025\/11\/dd7b00a83be9ea2fa562b46fd2a85a14-300x203.webp 300w, https:\/\/interaccioninformativa.mx\/wp-content\/uploads\/2025\/11\/dd7b00a83be9ea2fa562b46fd2a85a14-768x519.webp 768w, https:\/\/interaccioninformativa.mx\/wp-content\/uploads\/2025\/11\/dd7b00a83be9ea2fa562b46fd2a85a14.webp 1242w\" sizes=\"auto, (max-width: 1024px) 100vw, 1024px\" \/><\/figure>\n\n\n\n<p>Hanoi, Vietnam \u2014 El luto se profundiza en el centro de Vietnam este 3 de noviembre de 2025, donde las devastadoras inundaciones provocadas por lluvias torrenciales han elevado la cifra de fallecidos a 37, dejando un rastro de destrucci\u00f3n que amenaza con agravarse. Mientras equipos de rescate luchan por llegar a comunidades aisladas, un nuevo tif\u00f3n, Kalmaegi, se perfila en el horizonte, intensific\u00e1ndose r\u00e1pidamente y pronosticado para azotar la costa en las pr\u00f3ximas 48 horas. Autoridades locales declaran emergencia en varias provincias, en un a\u00f1o marcado por fen\u00f3menos clim\u00e1ticos extremos que exponen la vulnerabilidad del delta del Mekong.<\/p>\n\n\n\n<h4 class=\"wp-block-heading\">Un Balance Tr\u00e1gico: De las Lluvias B\u00edblicas a la Desolaci\u00f3n<\/h4>\n\n\n\n<p>Lo que inici\u00f3 como un monz\u00f3n prolongado la semana pasada se convirti\u00f3 en un cataclismo: precipitaciones r\u00e9cord de hasta 500 mil\u00edmetros en 24 horas anegaron r\u00edos, desataron deslizamientos de tierra y barrieron puentes en provincias como Quang Tri, Thua Thien-Hue y Quang Nam. Hasta las 8:30 de la ma\u00f1ana de este lunes, el Ministerio de Salud reporta 37 muertes confirmadas \u2014incluyendo mujeres y ni\u00f1os atrapados en sus hogares\u2014, 78 heridos graves y cinco personas desaparecidas, presumiblemente arrastradas por corrientes furiosas. \u00abLas aldeas remotanas est\u00e1n incomunicadas; el agua llega a los techos y el lodo sepulta todo\u00bb, relat\u00f3 un rescatista de la Cruz Roja vietnamita a la agencia VNA, destacando c\u00f3mo helic\u00f3pteros y botes han evacuado a m\u00e1s de 10 mil personas en los \u00faltimos d\u00edas.<\/p>\n\n\n\n<p>Entre las historias que rompen el coraz\u00f3n: en el distrito de Cam Lo, una familia de cuatro pereci\u00f3 cuando su casa colaps\u00f3 bajo un alud; en Hoi An, el patrimonio UNESCO qued\u00f3 semi-sumergido, con da\u00f1os estimados en millones de d\u00f3lares para la industria tur\u00edstica. El gobierno ha desplegado 5 mil soldados y voluntarios para distribuir alimentos y medicinas, pero las carreteras colapsadas complican el esfuerzo.<\/p>\n\n\n\n<h4 class=\"wp-block-heading\">Kalmaegi: El Siguiente Golpe en una Temporada Implacable<\/h4>\n\n\n\n<p>No hay respiro a la vista. El Servicio Meteorol\u00f3gico de Vietnam advierte que el tif\u00f3n Kalmaegi, actualmente con vientos de 100 km\/h, se fortalecer\u00e1 a categor\u00eda 3 antes de tocar tierra entre Quang Binh y Quang Ngai el mi\u00e9rcoles. \u00abPodr\u00eda traer hasta 300 mm de lluvia adicional, exacerbando las inundaciones y causando m\u00e1s deslizamientos\u00bb, pronostica el Centro de Hidrometeorolog\u00eda, recomendando evacuaciones masivas en zonas costeras. Este ser\u00eda el quinto tif\u00f3n de la temporada 2025, un r\u00e9cord que cient\u00edficos atribuyen al calentamiento global, responsable de tormentas m\u00e1s intensas en el Mar de China Meridional.<\/p>\n\n\n\n<p>El primer ministro Pham Minh Chinh, en una sesi\u00f3n de emergencia, urgi\u00f3 \u00abmedidas dr\u00e1sticas\u00bb y solicit\u00f3 ayuda internacional, recordando que en 2020, el tif\u00f3n Linfa dej\u00f3 130 muertos en la regi\u00f3n. \u00abNo podemos permitir que la naturaleza nos derrote; pero necesitamos inversi\u00f3n en diques y alertas tempranas\u00bb, enfatiz\u00f3, mientras aerol\u00edneas como Vietnam Airlines cancelan vuelos y puertos cierran operaciones.<\/p>\n\n\n\n<h4 class=\"wp-block-heading\">Respuesta Solidaria y Llamados a la Acci\u00f3n Global<\/h4>\n\n\n\n<p>La solidaridad no se hace esperar: la ONU y la Uni\u00f3n Europea han prometido 10 millones de d\u00f3lares en ayuda inmediata, enfocados en reconstrucci\u00f3n y prevenci\u00f3n. En las calles de Hanoi, campa\u00f1as de donaci\u00f3n recolectan ropa y fondos, con influencers vietnamitas como la cantante Son Tung M-TP impulsando la causa en redes. Sin embargo, expertos de Greenpeace advierten que sin reformas clim\u00e1ticas urgentes \u2014como la reducci\u00f3n de emisiones en el sector industrial\u2014, estos desastres se multiplicar\u00e1n.<\/p>\n\n\n\n<p>Vietnam, con su econom\u00eda en auge pero expuesta a la furia del clima, enfrenta un dilema: equilibrar el crecimiento con la resiliencia. Mientras Kalmaegi ruge en el Pac\u00edfico, las familias enlutadas encienden incienso por los ca\u00eddos, y el pa\u00eds entero contiene el aliento. \u00bfSobrevivir\u00e1 esta naci\u00f3n guerrera a la doble embestida? La respuesta, como las nubes que se acumulan, pende de un hilo fr\u00e1gil.<\/p>\n","protected":false},"excerpt":{"rendered":"<div class=\"mh-excerpt\"><p>Hanoi, Vietnam \u2014 El luto se profundiza en el centro de Vietnam este 3 de noviembre de 2025, donde las devastadoras inundaciones provocadas por lluvias <a class=\"mh-excerpt-more\" href=\"https:\/\/interaccioninformativa.mx\/index.php\/2025\/11\/03\/vietnam-bajo-la-mira-de-la-naturaleza-muertos-por-inundaciones-suben-a-37-mientras-el-tifon-kalmaegi-acecha-la-costa-central\/\" title=\"Vietnam Bajo la Mira de la Naturaleza: Muertos por Inundaciones Suben a 37 Mientras el Tif\u00f3n Kalmaegi Acecha la Costa Central\">[&#8230;]<\/a><\/p>\n<\/div>","protected":false},"author":1,"featured_media":1649,"comment_status":"open","ping_status":"closed","sticky":false,"template":"","format":"standard","meta":{"footnotes":""},"categories":[1],"tags":[],"class_list":["post-1648","post","type-post","status-publish","format-standard","has-post-thumbnail","hentry","category-noticias"],"_links":{"self":[{"href":"https:\/\/interaccioninformativa.mx\/index.php\/wp-json\/wp\/v2\/posts\/1648","targetHints":{"allow":["GET"]}}],"collection":[{"href":"https:\/\/interaccioninformativa.mx\/index.php\/wp-json\/wp\/v2\/posts"}],"about":[{"href":"https:\/\/interaccioninformativa.mx\/index.php\/wp-json\/wp\/v2\/types\/post"}],"author":[{"embeddable":true,"href":"https:\/\/interaccioninformativa.mx\/index.php\/wp-json\/wp\/v2\/users\/1"}],"replies":[{"embeddable":true,"href":"https:\/\/interaccioninformativa.mx\/index.php\/wp-json\/wp\/v2\/comments?post=1648"}],"version-history":[{"count":1,"href":"https:\/\/interaccioninformativa.mx\/index.php\/wp-json\/wp\/v2\/posts\/1648\/revisions"}],"predecessor-version":[{"id":1650,"href":"https:\/\/interaccioninformativa.mx\/index.php\/wp-json\/wp\/v2\/posts\/1648\/revisions\/1650"}],"wp:featuredmedia":[{"embeddable":true,"href":"https:\/\/interaccioninformativa.mx\/index.php\/wp-json\/wp\/v2\/media\/1649"}],"wp:attachment":[{"href":"https:\/\/interaccioninformativa.mx\/index.php\/wp-json\/wp\/v2\/media?parent=1648"}],"wp:term":[{"taxonomy":"category","embeddable":true,"href":"https:\/\/interaccioninformativa.mx\/index.php\/wp-json\/wp\/v2\/categories?post=1648"},{"taxonomy":"post_tag","embeddable":true,"href":"https:\/\/interaccioninformativa.mx\/index.php\/wp-json\/wp\/v2\/tags?post=1648"}],"curies":[{"name":"wp","href":"https:\/\/api.w.org\/{rel}","templated":true}]}}