{"id":1652,"date":"2025-11-04T16:22:17","date_gmt":"2025-11-04T16:22:17","guid":{"rendered":"https:\/\/interaccioninformativa.mx\/?p=1652"},"modified":"2025-11-04T16:22:17","modified_gmt":"2025-11-04T16:22:17","slug":"peru-corta-lazos-diplomaticos-con-mexico-tras-otorgar-asilo-a-exministra","status":"publish","type":"post","link":"https:\/\/interaccioninformativa.mx\/index.php\/2025\/11\/04\/peru-corta-lazos-diplomaticos-con-mexico-tras-otorgar-asilo-a-exministra\/","title":{"rendered":"Per\u00fa corta lazos diplom\u00e1ticos con M\u00e9xico tras otorgar asilo a exministra."},"content":{"rendered":"\n<figure class=\"wp-block-image size-large\"><img loading=\"lazy\" decoding=\"async\" width=\"1024\" height=\"448\" src=\"https:\/\/interaccioninformativa.mx\/wp-content\/uploads\/2025\/11\/74604399_1004-1024x448.webp\" alt=\"\" class=\"wp-image-1653\" srcset=\"https:\/\/interaccioninformativa.mx\/wp-content\/uploads\/2025\/11\/74604399_1004-1024x448.webp 1024w, https:\/\/interaccioninformativa.mx\/wp-content\/uploads\/2025\/11\/74604399_1004-300x131.webp 300w, https:\/\/interaccioninformativa.mx\/wp-content\/uploads\/2025\/11\/74604399_1004-768x336.webp 768w, https:\/\/interaccioninformativa.mx\/wp-content\/uploads\/2025\/11\/74604399_1004.webp 1200w\" sizes=\"auto, (max-width: 1024px) 100vw, 1024px\" \/><\/figure>\n\n\n\n<p>Este lunes 3 de noviembre de 2025, el Gobierno de Per\u00fa anunci\u00f3 la ruptura de relaciones diplom\u00e1ticas con M\u00e9xico, luego de confirmar que la ex primera ministra Betssy Ch\u00e1vez se encuentra asilada en la residencia de la embajada mexicana en Lima.<\/p>\n\n\n\n<p>El canciller peruano, Hugo de Zela, justific\u00f3 la medida por considerar este un \u201cacto inamistoso\u201d y por las \u201creiteradas intervenciones\u201d de los presidentes mexicano actual y anterior en asuntos internos de Per\u00fa.<\/p>\n\n\n\n<p>\u201cHoy conocimos con sorpresa y profundo pesar que la expremier Betssy Ch\u00e1vez, presunta coautora del golpe de Estado que intent\u00f3 perpetrar el expresidente Pedro Castillo, est\u00e1 siendo asilada en la residencia de la embajada de M\u00e9xico en Per\u00fa\u201d, declar\u00f3 Zela en conferencia de prensa.<\/p>\n\n\n\n<p>\u201cAnte este acto inamistoso y las repetidas ocasiones en que los mandatarios de ese pa\u00eds han interferido en los asuntos internos de Per\u00fa, el Gobierno ha decidido romper relaciones diplom\u00e1ticas con M\u00e9xico\u201d, a\u00f1adi\u00f3.<\/p>\n","protected":false},"excerpt":{"rendered":"<div class=\"mh-excerpt\"><p>Este lunes 3 de noviembre de 2025, el Gobierno de Per\u00fa anunci\u00f3 la ruptura de relaciones diplom\u00e1ticas con M\u00e9xico, luego de confirmar que la ex <a class=\"mh-excerpt-more\" href=\"https:\/\/interaccioninformativa.mx\/index.php\/2025\/11\/04\/peru-corta-lazos-diplomaticos-con-mexico-tras-otorgar-asilo-a-exministra\/\" title=\"Per\u00fa corta lazos diplom\u00e1ticos con M\u00e9xico tras otorgar asilo a exministra.\">[&#8230;]<\/a><\/p>\n<\/div>","protected":false},"author":1,"featured_media":1653,"comment_status":"open","ping_status":"closed","sticky":false,"template":"","format":"standard","meta":{"footnotes":""},"categories":[1],"tags":[],"class_list":["post-1652","post","type-post","status-publish","format-standard","has-post-thumbnail","hentry","category-noticias"],"_links":{"self":[{"href":"https:\/\/interaccioninformativa.mx\/index.php\/wp-json\/wp\/v2\/posts\/1652","targetHints":{"allow":["GET"]}}],"collection":[{"href":"https:\/\/interaccioninformativa.mx\/index.php\/wp-json\/wp\/v2\/posts"}],"about":[{"href":"https:\/\/interaccioninformativa.mx\/index.php\/wp-json\/wp\/v2\/types\/post"}],"author":[{"embeddable":true,"href":"https:\/\/interaccioninformativa.mx\/index.php\/wp-json\/wp\/v2\/users\/1"}],"replies":[{"embeddable":true,"href":"https:\/\/interaccioninformativa.mx\/index.php\/wp-json\/wp\/v2\/comments?post=1652"}],"version-history":[{"count":1,"href":"https:\/\/interaccioninformativa.mx\/index.php\/wp-json\/wp\/v2\/posts\/1652\/revisions"}],"predecessor-version":[{"id":1654,"href":"https:\/\/interaccioninformativa.mx\/index.php\/wp-json\/wp\/v2\/posts\/1652\/revisions\/1654"}],"wp:featuredmedia":[{"embeddable":true,"href":"https:\/\/interaccioninformativa.mx\/index.php\/wp-json\/wp\/v2\/media\/1653"}],"wp:attachment":[{"href":"https:\/\/interaccioninformativa.mx\/index.php\/wp-json\/wp\/v2\/media?parent=1652"}],"wp:term":[{"taxonomy":"category","embeddable":true,"href":"https:\/\/interaccioninformativa.mx\/index.php\/wp-json\/wp\/v2\/categories?post=1652"},{"taxonomy":"post_tag","embeddable":true,"href":"https:\/\/interaccioninformativa.mx\/index.php\/wp-json\/wp\/v2\/tags?post=1652"}],"curies":[{"name":"wp","href":"https:\/\/api.w.org\/{rel}","templated":true}]}}