{"id":1659,"date":"2025-11-04T16:41:21","date_gmt":"2025-11-04T16:41:21","guid":{"rendered":"https:\/\/interaccioninformativa.mx\/?p=1659"},"modified":"2025-11-04T16:41:21","modified_gmt":"2025-11-04T16:41:21","slug":"despiden-con-honores-a-enfermera-y-sus-dos-hijos-fallecidos-en-explosion-del-waldos-en-hermosillo","status":"publish","type":"post","link":"https:\/\/interaccioninformativa.mx\/index.php\/2025\/11\/04\/despiden-con-honores-a-enfermera-y-sus-dos-hijos-fallecidos-en-explosion-del-waldos-en-hermosillo\/","title":{"rendered":"Despiden con honores a enfermera y sus dos hijos fallecidos en explosi\u00f3n del Waldo\u2019s en Hermosillo"},"content":{"rendered":"\n<figure class=\"wp-block-image size-large\"><img loading=\"lazy\" decoding=\"async\" width=\"1024\" height=\"768\" src=\"https:\/\/interaccioninformativa.mx\/wp-content\/uploads\/2025\/11\/despiden-a-enfermera-que-murio-junto-a-sus-hijos-en-explosion-del-waldos-en-hermosillo_ec6d2b76-a2ac-4df9-846e-4077410d51b0_medialjnimgndimagefullsize-1024x768.webp\" alt=\"\" class=\"wp-image-1660\" srcset=\"https:\/\/interaccioninformativa.mx\/wp-content\/uploads\/2025\/11\/despiden-a-enfermera-que-murio-junto-a-sus-hijos-en-explosion-del-waldos-en-hermosillo_ec6d2b76-a2ac-4df9-846e-4077410d51b0_medialjnimgndimagefullsize-1024x768.webp 1024w, https:\/\/interaccioninformativa.mx\/wp-content\/uploads\/2025\/11\/despiden-a-enfermera-que-murio-junto-a-sus-hijos-en-explosion-del-waldos-en-hermosillo_ec6d2b76-a2ac-4df9-846e-4077410d51b0_medialjnimgndimagefullsize-300x225.webp 300w, https:\/\/interaccioninformativa.mx\/wp-content\/uploads\/2025\/11\/despiden-a-enfermera-que-murio-junto-a-sus-hijos-en-explosion-del-waldos-en-hermosillo_ec6d2b76-a2ac-4df9-846e-4077410d51b0_medialjnimgndimagefullsize-768x576.webp 768w, https:\/\/interaccioninformativa.mx\/wp-content\/uploads\/2025\/11\/despiden-a-enfermera-que-murio-junto-a-sus-hijos-en-explosion-del-waldos-en-hermosillo_ec6d2b76-a2ac-4df9-846e-4077410d51b0_medialjnimgndimagefullsize-678x509.webp 678w, https:\/\/interaccioninformativa.mx\/wp-content\/uploads\/2025\/11\/despiden-a-enfermera-que-murio-junto-a-sus-hijos-en-explosion-del-waldos-en-hermosillo_ec6d2b76-a2ac-4df9-846e-4077410d51b0_medialjnimgndimagefullsize-326x245.webp 326w, https:\/\/interaccioninformativa.mx\/wp-content\/uploads\/2025\/11\/despiden-a-enfermera-que-murio-junto-a-sus-hijos-en-explosion-del-waldos-en-hermosillo_ec6d2b76-a2ac-4df9-846e-4077410d51b0_medialjnimgndimagefullsize-80x60.webp 80w, https:\/\/interaccioninformativa.mx\/wp-content\/uploads\/2025\/11\/despiden-a-enfermera-que-murio-junto-a-sus-hijos-en-explosion-del-waldos-en-hermosillo_ec6d2b76-a2ac-4df9-846e-4077410d51b0_medialjnimgndimagefullsize.webp 1200w\" sizes=\"auto, (max-width: 1024px) 100vw, 1024px\" \/><\/figure>\n\n\n\n<p>Hermosillo, Sonora.\u2014 En medio de un profundo dolor, familiares, amigos y colegas rindieron homenaje a Zelma Quintero, enfermera del Hospital San Jos\u00e9, quien falleci\u00f3 junto a sus hijos Danna Alejandra (8 a\u00f1os) y Rafael Alejandro (1 a\u00f1o y 10 meses) en la explosi\u00f3n e incendio de la tienda Waldo\u2019s en el centro de Hermosillo.<\/p>\n\n\n\n<p>En la entrada principal del hospital donde trabaj\u00f3 por a\u00f1os, compa\u00f1eros formaron vallas de honor, depositaron flores y recibieron los cuerpos de Zelma y sus peque\u00f1os. Globos blancos ascendieron al cielo en se\u00f1al de despedida y solidaridad.<\/p>\n\n\n\n<p>\u201cMi hija era una gran persona, compa\u00f1era y ser humano. La recordar\u00e9 siempre con amor por su empat\u00eda y bondad\u201d, dijo entre l\u00e1grimas su padre, Luis Fernando Quintero. \u201cExijo justicia. Que pague el responsable, aunque nada me devuelva a mi hija y mis nietos. Que se pongan en nuestro lugar\u201d, agreg\u00f3.<\/p>\n\n\n\n<p>La familia, originaria de Guaymas, viv\u00eda en Hermosillo desde hac\u00eda 16 a\u00f1os.<\/p>\n\n\n\n<p>Aunque las autoridades no han confirmado oficialmente todas las identidades, familiares ya despiden p\u00fablicamente a las v\u00edctimas. Entre ellas:<\/p>\n\n\n\n<ul class=\"wp-block-list\">\n<li><strong>Guadalupe Yamileth C\u00f3rdova Campas y Jes\u00fas Murrieta<\/strong>, joven pareja de Bavi\u00e1cora que realizaba compras cuando ocurri\u00f3 la tragedia.<\/li>\n\n\n\n<li><strong>Jhoana Guadalupe Hern\u00e1ndez S\u00e1nchez<\/strong>, cajera de la tienda que sali\u00f3 envuelta en llamas y falleci\u00f3 poco despu\u00e9s; su familia la report\u00f3 desaparecida y confirm\u00f3 su deceso en el Semefo.<\/li>\n\n\n\n<li><strong>Carmen Cecilia Aguilar Tirado<\/strong>, jubilada del Gobierno de Sonora, localizada tras horas de b\u00fasqueda.<\/li>\n<\/ul>\n\n\n\n<p>Mientras avanza la identificaci\u00f3n, Hermosillo multiplica el duelo con vigilias, rezos y homenajes. En cada despedida resuena la misma demanda: verdad, justicia y medidas para evitar otra tragedia.<\/p>\n","protected":false},"excerpt":{"rendered":"<div class=\"mh-excerpt\"><p>Hermosillo, Sonora.\u2014 En medio de un profundo dolor, familiares, amigos y colegas rindieron homenaje a Zelma Quintero, enfermera del Hospital San Jos\u00e9, quien falleci\u00f3 junto <a class=\"mh-excerpt-more\" href=\"https:\/\/interaccioninformativa.mx\/index.php\/2025\/11\/04\/despiden-con-honores-a-enfermera-y-sus-dos-hijos-fallecidos-en-explosion-del-waldos-en-hermosillo\/\" title=\"Despiden con honores a enfermera y sus dos hijos fallecidos en explosi\u00f3n del Waldo\u2019s en Hermosillo\">[&#8230;]<\/a><\/p>\n<\/div>","protected":false},"author":1,"featured_media":1660,"comment_status":"open","ping_status":"closed","sticky":false,"template":"","format":"standard","meta":{"footnotes":""},"categories":[1],"tags":[],"class_list":["post-1659","post","type-post","status-publish","format-standard","has-post-thumbnail","hentry","category-noticias"],"_links":{"self":[{"href":"https:\/\/interaccioninformativa.mx\/index.php\/wp-json\/wp\/v2\/posts\/1659","targetHints":{"allow":["GET"]}}],"collection":[{"href":"https:\/\/interaccioninformativa.mx\/index.php\/wp-json\/wp\/v2\/posts"}],"about":[{"href":"https:\/\/interaccioninformativa.mx\/index.php\/wp-json\/wp\/v2\/types\/post"}],"author":[{"embeddable":true,"href":"https:\/\/interaccioninformativa.mx\/index.php\/wp-json\/wp\/v2\/users\/1"}],"replies":[{"embeddable":true,"href":"https:\/\/interaccioninformativa.mx\/index.php\/wp-json\/wp\/v2\/comments?post=1659"}],"version-history":[{"count":1,"href":"https:\/\/interaccioninformativa.mx\/index.php\/wp-json\/wp\/v2\/posts\/1659\/revisions"}],"predecessor-version":[{"id":1661,"href":"https:\/\/interaccioninformativa.mx\/index.php\/wp-json\/wp\/v2\/posts\/1659\/revisions\/1661"}],"wp:featuredmedia":[{"embeddable":true,"href":"https:\/\/interaccioninformativa.mx\/index.php\/wp-json\/wp\/v2\/media\/1660"}],"wp:attachment":[{"href":"https:\/\/interaccioninformativa.mx\/index.php\/wp-json\/wp\/v2\/media?parent=1659"}],"wp:term":[{"taxonomy":"category","embeddable":true,"href":"https:\/\/interaccioninformativa.mx\/index.php\/wp-json\/wp\/v2\/categories?post=1659"},{"taxonomy":"post_tag","embeddable":true,"href":"https:\/\/interaccioninformativa.mx\/index.php\/wp-json\/wp\/v2\/tags?post=1659"}],"curies":[{"name":"wp","href":"https:\/\/api.w.org\/{rel}","templated":true}]}}