{"id":1673,"date":"2025-11-06T16:21:50","date_gmt":"2025-11-06T16:21:50","guid":{"rendered":"https:\/\/interaccioninformativa.mx\/?p=1673"},"modified":"2025-11-06T16:22:16","modified_gmt":"2025-11-06T16:22:16","slug":"el-cjng-es-responsable-del-asesinato-del-alcalde-de-uruapan-hay-varios-elementos-revela-el-fiscal-de-michoacan","status":"publish","type":"post","link":"https:\/\/interaccioninformativa.mx\/index.php\/2025\/11\/06\/el-cjng-es-responsable-del-asesinato-del-alcalde-de-uruapan-hay-varios-elementos-revela-el-fiscal-de-michoacan\/","title":{"rendered":"El CJNG es responsable del asesinato del alcalde de Uruapan: \u201cHay varios elementos\u201d, revela el fiscal de Michoac\u00e1n."},"content":{"rendered":"\n<figure class=\"wp-block-image size-large\"><img loading=\"lazy\" decoding=\"async\" width=\"1024\" height=\"576\" src=\"https:\/\/interaccioninformativa.mx\/wp-content\/uploads\/2025\/11\/MP3JUZ2PBJAZBIY2HOZS7FXBFY-1024x576.avif\" alt=\"\" class=\"wp-image-1674\" srcset=\"https:\/\/interaccioninformativa.mx\/wp-content\/uploads\/2025\/11\/MP3JUZ2PBJAZBIY2HOZS7FXBFY-1024x576.avif 1024w, https:\/\/interaccioninformativa.mx\/wp-content\/uploads\/2025\/11\/MP3JUZ2PBJAZBIY2HOZS7FXBFY-300x169.avif 300w, https:\/\/interaccioninformativa.mx\/wp-content\/uploads\/2025\/11\/MP3JUZ2PBJAZBIY2HOZS7FXBFY-768x432.avif 768w, https:\/\/interaccioninformativa.mx\/wp-content\/uploads\/2025\/11\/MP3JUZ2PBJAZBIY2HOZS7FXBFY-678x381.avif 678w, https:\/\/interaccioninformativa.mx\/wp-content\/uploads\/2025\/11\/MP3JUZ2PBJAZBIY2HOZS7FXBFY.avif 1200w\" sizes=\"auto, (max-width: 1024px) 100vw, 1024px\" \/><\/figure>\n\n\n\n<p>El asesinato del alcalde de Uruapan, Carlos Alberto Manzo Rodr\u00edguez, ocurrido el 1 de noviembre, se\u00f1ala al C\u00e1rtel Jalisco Nueva Generaci\u00f3n (CJNG) como responsable, afirm\u00f3 el fiscal general de Michoac\u00e1n, Carlos Torres Pi\u00f1a, en entrevista con El Financiero.<\/p>\n\n\n\n<p>En conversaci\u00f3n telef\u00f3nica, el fiscal indic\u00f3 que existen indicios para respaldar esta hip\u00f3tesis, entre ellos que el arma empleada en el crimen contra Manzo Rodr\u00edguez fue usada previamente en dos atentados contra rivales del CJNG.<\/p>\n\n\n\n<p>El primero ocurri\u00f3 el 16 de octubre, cuando mataron a dos personas; el segundo, el 23 de octubre en un bar, donde una persona fue asesinada y otra result\u00f3 herida. Ambos hechos tuvieron lugar en Uruapan y las v\u00edctimas estar\u00edan vinculadas a un grupo antag\u00f3nico al CJNG.<\/p>\n\n\n\n<p>Seg\u00fan reportes de autoridades locales y federales, Uruapan es uno de los municipios michoacanos en disputa entre el CJNG y Los Caballeros Templarios.<\/p>\n\n\n\n<p><strong>Asesinato de Manzo podr\u00eda vincularse a captura de \u2018El Rino\u2019<\/strong><\/p>\n\n\n\n<p>Torres Pi\u00f1a no descart\u00f3 que el homicidio del edil guarde relaci\u00f3n con la detenci\u00f3n de Ren\u00e9 Belmonte Aguilar, \u2018El Rino\u2019, l\u00edder regional del CJNG, operada por la polic\u00eda municipal de Uruapan.<\/p>\n\n\n\n<p>\u201cFue un hecho que el alcalde difundi\u00f3 ampliamente y no se descarta ninguna l\u00ednea de investigaci\u00f3n, incluida esta como posible m\u00f3vil del crimen\u201d, declar\u00f3 el fiscal.<\/p>\n","protected":false},"excerpt":{"rendered":"<div class=\"mh-excerpt\"><p>El asesinato del alcalde de Uruapan, Carlos Alberto Manzo Rodr\u00edguez, ocurrido el 1 de noviembre, se\u00f1ala al C\u00e1rtel Jalisco Nueva Generaci\u00f3n (CJNG) como responsable, afirm\u00f3 <a class=\"mh-excerpt-more\" href=\"https:\/\/interaccioninformativa.mx\/index.php\/2025\/11\/06\/el-cjng-es-responsable-del-asesinato-del-alcalde-de-uruapan-hay-varios-elementos-revela-el-fiscal-de-michoacan\/\" title=\"El CJNG es responsable del asesinato del alcalde de Uruapan: \u201cHay varios elementos\u201d, revela el fiscal de Michoac\u00e1n.\">[&#8230;]<\/a><\/p>\n<\/div>","protected":false},"author":1,"featured_media":1674,"comment_status":"open","ping_status":"closed","sticky":false,"template":"","format":"standard","meta":{"footnotes":""},"categories":[1],"tags":[],"class_list":["post-1673","post","type-post","status-publish","format-standard","has-post-thumbnail","hentry","category-noticias"],"_links":{"self":[{"href":"https:\/\/interaccioninformativa.mx\/index.php\/wp-json\/wp\/v2\/posts\/1673","targetHints":{"allow":["GET"]}}],"collection":[{"href":"https:\/\/interaccioninformativa.mx\/index.php\/wp-json\/wp\/v2\/posts"}],"about":[{"href":"https:\/\/interaccioninformativa.mx\/index.php\/wp-json\/wp\/v2\/types\/post"}],"author":[{"embeddable":true,"href":"https:\/\/interaccioninformativa.mx\/index.php\/wp-json\/wp\/v2\/users\/1"}],"replies":[{"embeddable":true,"href":"https:\/\/interaccioninformativa.mx\/index.php\/wp-json\/wp\/v2\/comments?post=1673"}],"version-history":[{"count":1,"href":"https:\/\/interaccioninformativa.mx\/index.php\/wp-json\/wp\/v2\/posts\/1673\/revisions"}],"predecessor-version":[{"id":1675,"href":"https:\/\/interaccioninformativa.mx\/index.php\/wp-json\/wp\/v2\/posts\/1673\/revisions\/1675"}],"wp:featuredmedia":[{"embeddable":true,"href":"https:\/\/interaccioninformativa.mx\/index.php\/wp-json\/wp\/v2\/media\/1674"}],"wp:attachment":[{"href":"https:\/\/interaccioninformativa.mx\/index.php\/wp-json\/wp\/v2\/media?parent=1673"}],"wp:term":[{"taxonomy":"category","embeddable":true,"href":"https:\/\/interaccioninformativa.mx\/index.php\/wp-json\/wp\/v2\/categories?post=1673"},{"taxonomy":"post_tag","embeddable":true,"href":"https:\/\/interaccioninformativa.mx\/index.php\/wp-json\/wp\/v2\/tags?post=1673"}],"curies":[{"name":"wp","href":"https:\/\/api.w.org\/{rel}","templated":true}]}}