{"id":1676,"date":"2025-11-06T16:25:01","date_gmt":"2025-11-06T16:25:01","guid":{"rendered":"https:\/\/interaccioninformativa.mx\/?p=1676"},"modified":"2025-11-06T16:34:34","modified_gmt":"2025-11-06T16:34:34","slug":"presidenta-de-mexico-denuncia-al-hombre-que-la-acoso","status":"publish","type":"post","link":"https:\/\/interaccioninformativa.mx\/index.php\/2025\/11\/06\/presidenta-de-mexico-denuncia-al-hombre-que-la-acoso\/","title":{"rendered":"Presidenta de M\u00e9xico denuncia al hombre que la acos\u00f3."},"content":{"rendered":"\n<figure class=\"wp-block-image size-large\"><img loading=\"lazy\" decoding=\"async\" width=\"1024\" height=\"448\" src=\"https:\/\/interaccioninformativa.mx\/wp-content\/uploads\/2025\/11\/74634881_1004-1024x448.webp\" alt=\"\" class=\"wp-image-1677\" srcset=\"https:\/\/interaccioninformativa.mx\/wp-content\/uploads\/2025\/11\/74634881_1004-1024x448.webp 1024w, https:\/\/interaccioninformativa.mx\/wp-content\/uploads\/2025\/11\/74634881_1004-300x131.webp 300w, https:\/\/interaccioninformativa.mx\/wp-content\/uploads\/2025\/11\/74634881_1004-768x336.webp 768w, https:\/\/interaccioninformativa.mx\/wp-content\/uploads\/2025\/11\/74634881_1004.webp 1200w\" sizes=\"auto, (max-width: 1024px) 100vw, 1024px\" \/><\/figure>\n\n\n\n<p>La presidenta de M\u00e9xico, Claudia Sheinbaum, denunci\u00f3 por \u201cacoso\u201d a un sujeto que la toc\u00f3 e intent\u00f3 besarla en la calle, informaron fuentes oficiales el mi\u00e9rcoles (05.11.2025).<\/p>\n\n\n\n<p>El incidente, registrado en video, ocurri\u00f3 el martes cuando la mandataria se dirig\u00eda a pie a un evento p\u00fablico cerca del palacio presidencial.<\/p>\n\n\n\n<p>Mientras Sheinbaum saludaba a simpatizantes por la calle, un hombre se le acerc\u00f3 por detr\u00e1s, le pas\u00f3 un brazo sobre el hombro, le toc\u00f3 la cadera y el pecho con las manos, e intent\u00f3 besarla en el cuello.<\/p>\n\n\n\n<p>\u201cSe acerc\u00f3 esta persona totalmente alcoholizada, no s\u00e9 si drogado (&#8230;). Hasta despu\u00e9s que veo los videos no me doy cuenta de lo que realmente ocurri\u00f3\u201d, reconoci\u00f3 el mi\u00e9rcoles la presidenta.<\/p>\n\n\n\n<p>Despu\u00e9s de tocarla, un guardia presidencial lo apart\u00f3, mientras que ella, un tanto confundida, hasta se tom\u00f3 una foto con su agresor. La Presidencia confirm\u00f3 que Sheinbaum denunci\u00f3 al individuo por \u201cacoso\u201d, un delito tipificado en la capital y en una veintena de estados mexicanos que contempla aproximaciones obscenas, tocamientos, as\u00ed como miradas y comentarios irrespetuosos, que atentan contra la dignidad y causan sufrimiento psicoemocional a las v\u00edctimas.<\/p>\n\n\n\n<p>Esta figura legal representa una alternativa para castigar a los atacantes y evitar que sean absueltos alegando que no existe una agresi\u00f3n sexual, al no haber intenci\u00f3n de c\u00f3pula o penetraci\u00f3n. El acoso sexual sin precedentes sufrido por la mandataria hizo patente la realidad que enfrentan las mexicanas a diario y desat\u00f3 preocupaci\u00f3n por su d\u00e9bil aparato de seguridad, que permite una gran cercan\u00eda f\u00edsica de los ciudadanos.<\/p>\n\n\n\n<p>\u201cMi reflexi\u00f3n es: si no presento una denuncia, \u00bfen qu\u00e9 condici\u00f3n se quedan las otras mujeres mexicanas? Si esto le hacen a la presidenta, \u00bfqu\u00e9 va a pasar con todas las mujeres en nuestro pa\u00eds?\u201d, agreg\u00f3 Sheinbaum.<\/p>\n","protected":false},"excerpt":{"rendered":"<div class=\"mh-excerpt\"><p>La presidenta de M\u00e9xico, Claudia Sheinbaum, denunci\u00f3 por \u201cacoso\u201d a un sujeto que la toc\u00f3 e intent\u00f3 besarla en la calle, informaron fuentes oficiales el <a class=\"mh-excerpt-more\" href=\"https:\/\/interaccioninformativa.mx\/index.php\/2025\/11\/06\/presidenta-de-mexico-denuncia-al-hombre-que-la-acoso\/\" title=\"Presidenta de M\u00e9xico denuncia al hombre que la acos\u00f3.\">[&#8230;]<\/a><\/p>\n<\/div>","protected":false},"author":1,"featured_media":1677,"comment_status":"open","ping_status":"closed","sticky":false,"template":"","format":"standard","meta":{"footnotes":""},"categories":[1],"tags":[],"class_list":["post-1676","post","type-post","status-publish","format-standard","has-post-thumbnail","hentry","category-noticias"],"_links":{"self":[{"href":"https:\/\/interaccioninformativa.mx\/index.php\/wp-json\/wp\/v2\/posts\/1676","targetHints":{"allow":["GET"]}}],"collection":[{"href":"https:\/\/interaccioninformativa.mx\/index.php\/wp-json\/wp\/v2\/posts"}],"about":[{"href":"https:\/\/interaccioninformativa.mx\/index.php\/wp-json\/wp\/v2\/types\/post"}],"author":[{"embeddable":true,"href":"https:\/\/interaccioninformativa.mx\/index.php\/wp-json\/wp\/v2\/users\/1"}],"replies":[{"embeddable":true,"href":"https:\/\/interaccioninformativa.mx\/index.php\/wp-json\/wp\/v2\/comments?post=1676"}],"version-history":[{"count":1,"href":"https:\/\/interaccioninformativa.mx\/index.php\/wp-json\/wp\/v2\/posts\/1676\/revisions"}],"predecessor-version":[{"id":1678,"href":"https:\/\/interaccioninformativa.mx\/index.php\/wp-json\/wp\/v2\/posts\/1676\/revisions\/1678"}],"wp:featuredmedia":[{"embeddable":true,"href":"https:\/\/interaccioninformativa.mx\/index.php\/wp-json\/wp\/v2\/media\/1677"}],"wp:attachment":[{"href":"https:\/\/interaccioninformativa.mx\/index.php\/wp-json\/wp\/v2\/media?parent=1676"}],"wp:term":[{"taxonomy":"category","embeddable":true,"href":"https:\/\/interaccioninformativa.mx\/index.php\/wp-json\/wp\/v2\/categories?post=1676"},{"taxonomy":"post_tag","embeddable":true,"href":"https:\/\/interaccioninformativa.mx\/index.php\/wp-json\/wp\/v2\/tags?post=1676"}],"curies":[{"name":"wp","href":"https:\/\/api.w.org\/{rel}","templated":true}]}}