{"id":1684,"date":"2025-11-07T16:26:11","date_gmt":"2025-11-07T16:26:11","guid":{"rendered":"https:\/\/interaccioninformativa.mx\/?p=1684"},"modified":"2025-11-07T16:30:53","modified_gmt":"2025-11-07T16:30:53","slug":"la-fiscalia-revela-que-el-asesino-de-carlos-manzo-era-menor-de-edad","status":"publish","type":"post","link":"https:\/\/interaccioninformativa.mx\/index.php\/2025\/11\/07\/la-fiscalia-revela-que-el-asesino-de-carlos-manzo-era-menor-de-edad\/","title":{"rendered":"La Fiscal\u00eda revela que el asesino de Carlos Manzo era menor de edad."},"content":{"rendered":"\n<figure class=\"wp-block-image size-large\"><img loading=\"lazy\" decoding=\"async\" width=\"1024\" height=\"683\" src=\"https:\/\/interaccioninformativa.mx\/wp-content\/uploads\/2025\/11\/homicida-de-carlos-manzo-es-un-menor-de-edad_a1a3ae1c-6c18-490d-a340-58fd5d55c9f1_medialjnimgndimagefullsize-1-1024x683.webp\" alt=\"\" class=\"wp-image-1685\" srcset=\"https:\/\/interaccioninformativa.mx\/wp-content\/uploads\/2025\/11\/homicida-de-carlos-manzo-es-un-menor-de-edad_a1a3ae1c-6c18-490d-a340-58fd5d55c9f1_medialjnimgndimagefullsize-1-1024x683.webp 1024w, https:\/\/interaccioninformativa.mx\/wp-content\/uploads\/2025\/11\/homicida-de-carlos-manzo-es-un-menor-de-edad_a1a3ae1c-6c18-490d-a340-58fd5d55c9f1_medialjnimgndimagefullsize-1-300x200.webp 300w, https:\/\/interaccioninformativa.mx\/wp-content\/uploads\/2025\/11\/homicida-de-carlos-manzo-es-un-menor-de-edad_a1a3ae1c-6c18-490d-a340-58fd5d55c9f1_medialjnimgndimagefullsize-1-768x512.webp 768w, https:\/\/interaccioninformativa.mx\/wp-content\/uploads\/2025\/11\/homicida-de-carlos-manzo-es-un-menor-de-edad_a1a3ae1c-6c18-490d-a340-58fd5d55c9f1_medialjnimgndimagefullsize-1.webp 1200w\" sizes=\"auto, (max-width: 1024px) 100vw, 1024px\" \/><\/figure>\n\n\n\n<p>V\u00edctor Manuel U. V., un joven de 17 a\u00f1os originario de Paracho, Michoac\u00e1n, fue identificado como el responsable del homicidio de Carlos Manzo Rodr\u00edguez, presidente municipal de Uruapan, asesinado el 1 de noviembre.<\/p>\n\n\n\n<p>El fiscal general de Michoac\u00e1n, Carlos Torres Pi\u00f1a, inform\u00f3 que familiares del menor reclamaron su cad\u00e1ver el mi\u00e9rcoles por la tarde, indicando que se hab\u00eda ausentado de su hogar una semana antes del crimen.<\/p>\n\n\n\n<p>Torres Pi\u00f1a se\u00f1al\u00f3 que una l\u00ednea principal de investigaci\u00f3n se centra en disputas entre c\u00e1rteles de la droga que operan en Uruapan.<\/p>\n\n\n\n<p>\u00abEs importante reiterar que los dict\u00e1menes periciales realizados al cuerpo de V\u00edctor Manuel, en particular la prueba de rodizonato de sodio, resultaron positivos, confirmando su autor\u00eda material en el crimen, as\u00ed como adicciones a la metanfetamina, datos ratificados por sus familiares\u00bb, explic\u00f3 el fiscal.<\/p>\n\n\n\n<p>Adem\u00e1s, la pistola calibre 9 mm usada en el asesinato est\u00e1 vinculada a dos ataques previos en Uruapan: uno el 16 de octubre en la colonia Tierra y Libertad, donde murieron dos personas, y otro el 23 de octubre en el bar La Gran Parada, que dej\u00f3 un empleado fallecido y otro herido.<\/p>\n\n\n\n<p>Manzo Rodr\u00edguez fue ejecutado a las 20:10 horas del 1 de noviembre durante el Festival de Velas en la plaza principal de Uruapan, en el marco de la Noche de Muertos. El joven logr\u00f3 evadir a los 24 escoltas del alcalde y dispararle, antes de ser abatido por los guardias.<\/p>\n\n\n\n<p>En Uruapan operan organizaciones criminales como el C\u00e1rtel Jalisco Nueva Generaci\u00f3n (CJNG), Los Viagras, Los Caballeros Templarios, Los Blancos de Troya y Pueblos Unidos.<\/p>\n","protected":false},"excerpt":{"rendered":"<div class=\"mh-excerpt\"><p>V\u00edctor Manuel U. V., un joven de 17 a\u00f1os originario de Paracho, Michoac\u00e1n, fue identificado como el responsable del homicidio de Carlos Manzo Rodr\u00edguez, presidente <a class=\"mh-excerpt-more\" href=\"https:\/\/interaccioninformativa.mx\/index.php\/2025\/11\/07\/la-fiscalia-revela-que-el-asesino-de-carlos-manzo-era-menor-de-edad\/\" title=\"La Fiscal\u00eda revela que el asesino de Carlos Manzo era menor de edad.\">[&#8230;]<\/a><\/p>\n<\/div>","protected":false},"author":1,"featured_media":1685,"comment_status":"open","ping_status":"closed","sticky":false,"template":"","format":"standard","meta":{"footnotes":""},"categories":[1],"tags":[],"class_list":["post-1684","post","type-post","status-publish","format-standard","has-post-thumbnail","hentry","category-noticias"],"_links":{"self":[{"href":"https:\/\/interaccioninformativa.mx\/index.php\/wp-json\/wp\/v2\/posts\/1684","targetHints":{"allow":["GET"]}}],"collection":[{"href":"https:\/\/interaccioninformativa.mx\/index.php\/wp-json\/wp\/v2\/posts"}],"about":[{"href":"https:\/\/interaccioninformativa.mx\/index.php\/wp-json\/wp\/v2\/types\/post"}],"author":[{"embeddable":true,"href":"https:\/\/interaccioninformativa.mx\/index.php\/wp-json\/wp\/v2\/users\/1"}],"replies":[{"embeddable":true,"href":"https:\/\/interaccioninformativa.mx\/index.php\/wp-json\/wp\/v2\/comments?post=1684"}],"version-history":[{"count":1,"href":"https:\/\/interaccioninformativa.mx\/index.php\/wp-json\/wp\/v2\/posts\/1684\/revisions"}],"predecessor-version":[{"id":1686,"href":"https:\/\/interaccioninformativa.mx\/index.php\/wp-json\/wp\/v2\/posts\/1684\/revisions\/1686"}],"wp:featuredmedia":[{"embeddable":true,"href":"https:\/\/interaccioninformativa.mx\/index.php\/wp-json\/wp\/v2\/media\/1685"}],"wp:attachment":[{"href":"https:\/\/interaccioninformativa.mx\/index.php\/wp-json\/wp\/v2\/media?parent=1684"}],"wp:term":[{"taxonomy":"category","embeddable":true,"href":"https:\/\/interaccioninformativa.mx\/index.php\/wp-json\/wp\/v2\/categories?post=1684"},{"taxonomy":"post_tag","embeddable":true,"href":"https:\/\/interaccioninformativa.mx\/index.php\/wp-json\/wp\/v2\/tags?post=1684"}],"curies":[{"name":"wp","href":"https:\/\/api.w.org\/{rel}","templated":true}]}}