{"id":1687,"date":"2025-11-07T16:29:25","date_gmt":"2025-11-07T16:29:25","guid":{"rendered":"https:\/\/interaccioninformativa.mx\/?p=1687"},"modified":"2025-11-07T16:29:25","modified_gmt":"2025-11-07T16:29:25","slug":"incidente-de-acoso-a-claudia-sheinbaum-detalles-del-caso-y-del-hombre-detenido","status":"publish","type":"post","link":"https:\/\/interaccioninformativa.mx\/index.php\/2025\/11\/07\/incidente-de-acoso-a-claudia-sheinbaum-detalles-del-caso-y-del-hombre-detenido\/","title":{"rendered":"Incidente de acoso a Claudia Sheinbaum: Detalles del caso y del hombre detenido"},"content":{"rendered":"\n<figure class=\"wp-block-image size-large\"><img loading=\"lazy\" decoding=\"async\" width=\"1024\" height=\"769\" src=\"https:\/\/interaccioninformativa.mx\/wp-content\/uploads\/2025\/11\/captura-del-video-del-acoso-a-claudia-ATMYDYHCHZDU7FSIDV33334354-1024x769.jpeg\" alt=\"\" class=\"wp-image-1688\" srcset=\"https:\/\/interaccioninformativa.mx\/wp-content\/uploads\/2025\/11\/captura-del-video-del-acoso-a-claudia-ATMYDYHCHZDU7FSIDV33334354-1024x769.jpeg 1024w, https:\/\/interaccioninformativa.mx\/wp-content\/uploads\/2025\/11\/captura-del-video-del-acoso-a-claudia-ATMYDYHCHZDU7FSIDV33334354-300x225.jpeg 300w, https:\/\/interaccioninformativa.mx\/wp-content\/uploads\/2025\/11\/captura-del-video-del-acoso-a-claudia-ATMYDYHCHZDU7FSIDV33334354-768x577.jpeg 768w, https:\/\/interaccioninformativa.mx\/wp-content\/uploads\/2025\/11\/captura-del-video-del-acoso-a-claudia-ATMYDYHCHZDU7FSIDV33334354-678x509.jpeg 678w, https:\/\/interaccioninformativa.mx\/wp-content\/uploads\/2025\/11\/captura-del-video-del-acoso-a-claudia-ATMYDYHCHZDU7FSIDV33334354-326x245.jpeg 326w, https:\/\/interaccioninformativa.mx\/wp-content\/uploads\/2025\/11\/captura-del-video-del-acoso-a-claudia-ATMYDYHCHZDU7FSIDV33334354-80x60.jpeg 80w, https:\/\/interaccioninformativa.mx\/wp-content\/uploads\/2025\/11\/captura-del-video-del-acoso-a-claudia-ATMYDYHCHZDU7FSIDV33334354.jpeg 1200w\" sizes=\"auto, (max-width: 1024px) 100vw, 1024px\" \/><\/figure>\n\n\n\n<p>El 4 de noviembre de 2025, la presidenta de M\u00e9xico, Claudia Sheinbaum, fue v\u00edctima de un acoso sexual flagrante mientras realizaba un breve recorrido a pie por las calles del Centro Hist\u00f3rico de la Ciudad de M\u00e9xico, cerca del Palacio Nacional. El incidente ocurri\u00f3 alrededor de las 18:00 horas, cuando Sheinbaum se dirig\u00eda a una reuni\u00f3n en la Secretar\u00eda de Educaci\u00f3n P\u00fablica (SEP) y saludaba a un grupo de personas en la calle Rep\u00fablica de Argentina. Aprovechando la cercan\u00eda de la mandataria con la multitud, un hombre se acerc\u00f3 por su espalda, la abraz\u00f3 sin consentimiento, la bes\u00f3 en la mejilla y le toc\u00f3 los pechos, en un acto que dur\u00f3 apenas segundos pero que fue captado en video y r\u00e1pidamente se viraliz\u00f3 en redes sociales.<\/p>\n\n\n\n<p>Sheinbaum, quien inicialmente no se percat\u00f3 de la gravedad del hecho debido a la distracci\u00f3n del momento \u2014\u00bbestaba hablando con mucha gente\u00bb\u2014, describi\u00f3 al agresor como \u00abtotalmente alcoholizado, no s\u00e9 si drogado\u00bb una vez que revis\u00f3 las grabaciones. Mantuvo la compostura y respondi\u00f3 con serenidad al ser apartada por su equipo de seguridad, diciendo: \u00abNos tomamos la foto, no te preocupes\u00bb. Sin embargo, el suceso gener\u00f3 indignaci\u00f3n inmediata en la sociedad, pol\u00edticos y organizaciones feministas, quienes lo condenaron como un ejemplo de la cultura machista persistente en el pa\u00eds y un recordatorio de la vulnerabilidad cotidiana de las mujeres ante el acoso callejero. Seg\u00fan datos del Inegi de 2024, el 15.5% de las mujeres mexicanas han experimentado acoso sexual, manoseo o exhibicionismo, cinco veces m\u00e1s que los hombres (3.2%).<\/p>\n\n\n\n<h4 class=\"wp-block-heading\">El hombre arrestado: Uriel Rivera Mart\u00ednez<\/h4>\n\n\n\n<p>El responsable fue identificado como Uriel Rivera Mart\u00ednez, un hombre de 33 a\u00f1os, de complexi\u00f3n delgada (1.60 m de altura), tez morena y cabello corto negro. Vest\u00eda una camiseta blanca, pantal\u00f3n y zapatos negros al momento de la detenci\u00f3n. Fuentes oficiales indican que el agresor no solo acos\u00f3 a Sheinbaum, sino que minutos despu\u00e9s cometi\u00f3 actos similares contra otras dos mujeres en la misma zona: una en el cruce de Bol\u00edvar y Tacuba, y otra en el callej\u00f3n Condesa, entre Tacuba y 5 de Mayo. Esto facilit\u00f3 su r\u00e1pida localizaci\u00f3n por elementos de la Secretar\u00eda de Seguridad Ciudadana (SSC) de la CDMX y la Secretar\u00eda de Seguridad y Protecci\u00f3n Ciudadana (SSPC) federal.<\/p>\n\n\n\n<p>Rivera Mart\u00ednez fue arrestado esa misma noche, a las 21:00 horas, tras ser reconocido por una de las v\u00edctimas. Fue remitido inmediatamente a la Fiscal\u00eda de Investigaci\u00f3n de Delitos Sexuales de la Ciudad de M\u00e9xico (en la colonia Doctores, alcald\u00eda Cuauht\u00e9moc), donde se le leyeron sus derechos constitucionales y se investiga su posible relaci\u00f3n con los tres casos bajo el art\u00edculo 179 del C\u00f3digo Penal de la CDMX, que tipifica el acoso sexual como delito con penas de hasta cinco a\u00f1os de prisi\u00f3n. La jefa de Gobierno de la CDMX, Clara Brugada, confirm\u00f3 la detenci\u00f3n en su cuenta de X y enfatiz\u00f3: \u00abSi tocan a la presidenta, nos tocan a todas. En esta ciudad el acoso no tiene cabida\u00bb.<\/p>\n\n\n\n<h4 class=\"wp-block-heading\">Respuesta de Sheinbaum y repercusiones<\/h4>\n\n\n\n<p>Al d\u00eda siguiente, durante su conferencia matutina del 5 de noviembre, Sheinbaum anunci\u00f3 que present\u00f3 una denuncia formal (querella) ante la Fiscal\u00eda General de Justicia de la CDMX (FGJCDMX), firm\u00e1ndola personalmente sin privilegios. \u00abSi no presento yo denuncia, \u00bfen qu\u00e9 condici\u00f3n se quedan todas las mujeres mexicanas? Si esto le hacen a la presidenta, \u00bfqu\u00e9 va a pasar con todas las j\u00f3venes mujeres de nuestro pa\u00eds?\u00bb, cuestion\u00f3, subrayando que actuaba \u00abno solo como presidenta, sino como mujer, en representaci\u00f3n de todas las mexicanas\u00bb. Insisti\u00f3 en que \u00abnuestro espacio personal nadie lo puede vulnerar\u00bb y llam\u00f3 a erradicar estos episodios de violencia de g\u00e9nero.<\/p>\n\n\n\n<p>El incidente tambi\u00e9n expuso fallas en el esquema de seguridad de la mandataria: pese a la presencia de la Ayudant\u00eda Presidencial (grupo de escoltas), nadie intervino de inmediato, lo que gener\u00f3 cr\u00edticas de expertos en seguridad. La Secretar\u00eda de las Mujeres (Semujeres) emiti\u00f3 un comunicado condenando el acto y recordando que \u00abninguna mujer est\u00e1 exenta de vivir acoso sexual\u00bb, mientras que la bancada de Morena en el Congreso local expres\u00f3 solidaridad con Sheinbaum y demand\u00f3 cero tolerancia a la misoginia.<\/p>\n\n\n\n<p>Hasta el 7 de noviembre, las investigaciones contin\u00faan para determinar la situaci\u00f3n jur\u00eddica de Rivera Mart\u00ednez y confirmar su participaci\u00f3n en los casos. El suceso ha reavivado el debate nacional sobre la protecci\u00f3n de las mujeres en espacios p\u00fablicos y la necesidad de fortalecer protocolos contra la violencia de g\u00e9nero.<\/p>\n","protected":false},"excerpt":{"rendered":"<div class=\"mh-excerpt\"><p>El 4 de noviembre de 2025, la presidenta de M\u00e9xico, Claudia Sheinbaum, fue v\u00edctima de un acoso sexual flagrante mientras realizaba un breve recorrido a <a class=\"mh-excerpt-more\" href=\"https:\/\/interaccioninformativa.mx\/index.php\/2025\/11\/07\/incidente-de-acoso-a-claudia-sheinbaum-detalles-del-caso-y-del-hombre-detenido\/\" title=\"Incidente de acoso a Claudia Sheinbaum: Detalles del caso y del hombre detenido\">[&#8230;]<\/a><\/p>\n<\/div>","protected":false},"author":1,"featured_media":1688,"comment_status":"open","ping_status":"closed","sticky":false,"template":"","format":"standard","meta":{"footnotes":""},"categories":[1],"tags":[],"class_list":["post-1687","post","type-post","status-publish","format-standard","has-post-thumbnail","hentry","category-noticias"],"_links":{"self":[{"href":"https:\/\/interaccioninformativa.mx\/index.php\/wp-json\/wp\/v2\/posts\/1687","targetHints":{"allow":["GET"]}}],"collection":[{"href":"https:\/\/interaccioninformativa.mx\/index.php\/wp-json\/wp\/v2\/posts"}],"about":[{"href":"https:\/\/interaccioninformativa.mx\/index.php\/wp-json\/wp\/v2\/types\/post"}],"author":[{"embeddable":true,"href":"https:\/\/interaccioninformativa.mx\/index.php\/wp-json\/wp\/v2\/users\/1"}],"replies":[{"embeddable":true,"href":"https:\/\/interaccioninformativa.mx\/index.php\/wp-json\/wp\/v2\/comments?post=1687"}],"version-history":[{"count":1,"href":"https:\/\/interaccioninformativa.mx\/index.php\/wp-json\/wp\/v2\/posts\/1687\/revisions"}],"predecessor-version":[{"id":1689,"href":"https:\/\/interaccioninformativa.mx\/index.php\/wp-json\/wp\/v2\/posts\/1687\/revisions\/1689"}],"wp:featuredmedia":[{"embeddable":true,"href":"https:\/\/interaccioninformativa.mx\/index.php\/wp-json\/wp\/v2\/media\/1688"}],"wp:attachment":[{"href":"https:\/\/interaccioninformativa.mx\/index.php\/wp-json\/wp\/v2\/media?parent=1687"}],"wp:term":[{"taxonomy":"category","embeddable":true,"href":"https:\/\/interaccioninformativa.mx\/index.php\/wp-json\/wp\/v2\/categories?post=1687"},{"taxonomy":"post_tag","embeddable":true,"href":"https:\/\/interaccioninformativa.mx\/index.php\/wp-json\/wp\/v2\/tags?post=1687"}],"curies":[{"name":"wp","href":"https:\/\/api.w.org\/{rel}","templated":true}]}}