{"id":1690,"date":"2025-11-07T16:32:32","date_gmt":"2025-11-07T16:32:32","guid":{"rendered":"https:\/\/interaccioninformativa.mx\/?p=1690"},"modified":"2025-11-07T16:32:32","modified_gmt":"2025-11-07T16:32:32","slug":"bloqueos-de-transportistas-en-el-estado-de-mexico-este-7-de-noviembre-de-2025-ubicaciones-confirmadas-y-rutas-alternativas","status":"publish","type":"post","link":"https:\/\/interaccioninformativa.mx\/index.php\/2025\/11\/07\/bloqueos-de-transportistas-en-el-estado-de-mexico-este-7-de-noviembre-de-2025-ubicaciones-confirmadas-y-rutas-alternativas\/","title":{"rendered":"Bloqueos de transportistas en el Estado de M\u00e9xico este 7 de noviembre de 2025: Ubicaciones confirmadas y rutas alternativas"},"content":{"rendered":"\n<figure class=\"wp-block-image size-full\"><img loading=\"lazy\" decoding=\"async\" width=\"655\" height=\"368\" src=\"https:\/\/interaccioninformativa.mx\/wp-content\/uploads\/2025\/11\/paro-transportistasjfif.webp\" alt=\"\" class=\"wp-image-1691\" srcset=\"https:\/\/interaccioninformativa.mx\/wp-content\/uploads\/2025\/11\/paro-transportistasjfif.webp 655w, https:\/\/interaccioninformativa.mx\/wp-content\/uploads\/2025\/11\/paro-transportistasjfif-300x169.webp 300w\" sizes=\"auto, (max-width: 655px) 100vw, 655px\" \/><\/figure>\n\n\n\n<p>Este viernes 7 de noviembre de 2025, transportistas afiliados a la Alianza Mexicana de Organizaciones de Transportistas (AMOTAC) llevar\u00e1n a cabo una serie de manifestaciones y bloqueos en el municipio de Ecatepec, Estado de M\u00e9xico, con posibles extensiones a zonas aleda\u00f1as como Coacalco, Tec\u00e1mac y Texcoco. La protesta, programada para iniciar a las 8:00 horas, busca exigir la destituci\u00f3n del director de Tr\u00e1nsito municipal, Luis Enrique Serna Garc\u00eda, por presuntos abusos de autoridad, extorsiones y cobros irregulares que afectan al sector del transporte de carga. Los manifestantes denuncian pagos forzados de hasta 200 mil pesos por remolcos y \u00abcuotas\u00bb de 30 mil pesos para liberar veh\u00edculos, adem\u00e1s de una creciente inseguridad en las carreteras.<\/p>\n\n\n\n<p>La organizaci\u00f3n enfatiz\u00f3 que las acciones ser\u00e1n pac\u00edficas y se disculp\u00f3 por las molestias, pero advirti\u00f3 que, ante la falta de respuesta de la alcaldesa Azucena Cisneros Coss, podr\u00edan prolongarse o expandirse a otras vialidades del Edomex y la Ciudad de M\u00e9xico. Aunque ha habido controversia interna en AMOTAC \u2014con algunos l\u00edderes desmintiendo la convocatoria y acusando usurpaci\u00f3n de identidad\u2014, el delegado estatal Nery Santiago Nava confirm\u00f3 que la movilizaci\u00f3n procede para visibilizar la corrupci\u00f3n y la delincuencia que azota al gremio.<\/p>\n\n\n\n<h4 class=\"wp-block-heading\">Puntos de bloqueo principales<\/h4>\n\n\n\n<p>Los cierres afectar\u00e1n accesos clave que conectan el Valle de M\u00e9xico con la capital y municipios vecinos. Los sitios confirmados incluyen:<\/p>\n\n\n\n<ul class=\"wp-block-list\">\n<li><strong>DIF Ecatepec<\/strong>: Avenida L\u00f3pez Portillo en direcci\u00f3n oriente.<\/li>\n\n\n\n<li><strong>Palacio Municipal de San Crist\u00f3bal Ecatepec<\/strong>: En el centro de la cabecera municipal, con concentraciones alrededor de la explanada.<\/li>\n\n\n\n<li><strong>Puente El Arte<\/strong>: Sobre la carretera M\u00e9xico-Pachuca.<\/li>\n\n\n\n<li><strong>Perif\u00e9rico<\/strong>: En el tramo que cruza Ecatepec hacia Coacalco y Tec\u00e1mac.<\/li>\n\n\n\n<li><strong>Otros posibles<\/strong>: Extensiones a la carretera M\u00e9xico-Texcoco y accesos a autopistas federales, dependiendo de la respuesta de las autoridades.<\/li>\n<\/ul>\n\n\n\n<p>Se estima que los bloqueos generen caos vial durante la ma\u00f1ana, especialmente en horas pico, impactando a unos 1.5 millones de trabajadores y 335 mil estudiantes que transitan diariamente por estas rutas. El Gobierno del Estado de M\u00e9xico recomend\u00f3 salir con anticipaci\u00f3n, preferir el transporte p\u00fablico y monitorear apps como Google Maps o Waze para actualizaciones en tiempo real.<\/p>\n\n\n\n<h4 class=\"wp-block-heading\">Alternativas viales recomendadas<\/h4>\n\n\n\n<p>Para minimizar retrasos, las autoridades y la AMOTAC sugieren las siguientes opciones de desv\u00edo:<\/p>\n\n\n\n<figure class=\"wp-block-table\"><table class=\"has-fixed-layout\"><thead><tr><th>Zona afectada<\/th><th>Alternativas principales<\/th><th>Consejos adicionales<\/th><\/tr><\/thead><tbody><tr><td>Avenida L\u00f3pez Portillo (oriente)<\/td><td>V\u00eda Morelos hacia CDMX; Avenida Cipr\u00e9s<\/td><td>Usa el segundo piso del Perif\u00e9rico si disponible<\/td><\/tr><tr><td>Palacio Municipal Ecatepec<\/td><td>Avenida de los Chopos; Circuito Exterior Mexiquense<\/td><td>Evita el centro y opta por rutas secundarias<\/td><\/tr><tr><td>Puente El Arte (M\u00e9xico-Pachuca)<\/td><td>Boulevard Luis Donaldo Colosio; Carretera a Chiconcuac<\/td><td>Monitorea cierres en tiempo real v\u00eda SSC Edomex<\/td><\/tr><tr><td>Perif\u00e9rico (hacia Coacalco\/Tec\u00e1mac)<\/td><td>Avenida Central; Acceso a Arco Norte<\/td><td>Prefiere transporte p\u00fablico en estaciones cercanas<\/td><\/tr><\/tbody><\/table><\/figure>\n\n\n\n<p>La Secretar\u00eda de Seguridad y Protecci\u00f3n Ciudadana (SSPC) desplegar\u00e1 elementos para resguardar la integridad de manifestantes y automovilistas, y exhorta a reportar incidentes al 911. Este tipo de protestas resalta demandas nacionales del sector, como la reducci\u00f3n de peajes, mayor seguridad en carreteras y combate a la pirater\u00eda, en un contexto donde el robo al transporte de carga ha aumentado un 20% en 2025 seg\u00fan datos federales. Mantente informado a trav\u00e9s de canales oficiales para ajustes de \u00faltimo minuto.<\/p>\n","protected":false},"excerpt":{"rendered":"<div class=\"mh-excerpt\"><p>Este viernes 7 de noviembre de 2025, transportistas afiliados a la Alianza Mexicana de Organizaciones de Transportistas (AMOTAC) llevar\u00e1n a cabo una serie de manifestaciones <a class=\"mh-excerpt-more\" href=\"https:\/\/interaccioninformativa.mx\/index.php\/2025\/11\/07\/bloqueos-de-transportistas-en-el-estado-de-mexico-este-7-de-noviembre-de-2025-ubicaciones-confirmadas-y-rutas-alternativas\/\" title=\"Bloqueos de transportistas en el Estado de M\u00e9xico este 7 de noviembre de 2025: Ubicaciones confirmadas y rutas alternativas\">[&#8230;]<\/a><\/p>\n<\/div>","protected":false},"author":1,"featured_media":1691,"comment_status":"open","ping_status":"closed","sticky":false,"template":"","format":"standard","meta":{"footnotes":""},"categories":[1],"tags":[],"class_list":["post-1690","post","type-post","status-publish","format-standard","has-post-thumbnail","hentry","category-noticias"],"_links":{"self":[{"href":"https:\/\/interaccioninformativa.mx\/index.php\/wp-json\/wp\/v2\/posts\/1690","targetHints":{"allow":["GET"]}}],"collection":[{"href":"https:\/\/interaccioninformativa.mx\/index.php\/wp-json\/wp\/v2\/posts"}],"about":[{"href":"https:\/\/interaccioninformativa.mx\/index.php\/wp-json\/wp\/v2\/types\/post"}],"author":[{"embeddable":true,"href":"https:\/\/interaccioninformativa.mx\/index.php\/wp-json\/wp\/v2\/users\/1"}],"replies":[{"embeddable":true,"href":"https:\/\/interaccioninformativa.mx\/index.php\/wp-json\/wp\/v2\/comments?post=1690"}],"version-history":[{"count":1,"href":"https:\/\/interaccioninformativa.mx\/index.php\/wp-json\/wp\/v2\/posts\/1690\/revisions"}],"predecessor-version":[{"id":1692,"href":"https:\/\/interaccioninformativa.mx\/index.php\/wp-json\/wp\/v2\/posts\/1690\/revisions\/1692"}],"wp:featuredmedia":[{"embeddable":true,"href":"https:\/\/interaccioninformativa.mx\/index.php\/wp-json\/wp\/v2\/media\/1691"}],"wp:attachment":[{"href":"https:\/\/interaccioninformativa.mx\/index.php\/wp-json\/wp\/v2\/media?parent=1690"}],"wp:term":[{"taxonomy":"category","embeddable":true,"href":"https:\/\/interaccioninformativa.mx\/index.php\/wp-json\/wp\/v2\/categories?post=1690"},{"taxonomy":"post_tag","embeddable":true,"href":"https:\/\/interaccioninformativa.mx\/index.php\/wp-json\/wp\/v2\/tags?post=1690"}],"curies":[{"name":"wp","href":"https:\/\/api.w.org\/{rel}","templated":true}]}}