{"id":1696,"date":"2025-11-08T16:32:00","date_gmt":"2025-11-08T16:32:00","guid":{"rendered":"https:\/\/interaccioninformativa.mx\/?p=1696"},"modified":"2025-11-08T16:32:00","modified_gmt":"2025-11-08T16:32:00","slug":"presidente-de-peru-anuncia-que-betssy-chavez-no-podra-viajar-a-mexico-y-solicitara-revision-de-su-asilo-politico","status":"publish","type":"post","link":"https:\/\/interaccioninformativa.mx\/index.php\/2025\/11\/08\/presidente-de-peru-anuncia-que-betssy-chavez-no-podra-viajar-a-mexico-y-solicitara-revision-de-su-asilo-politico\/","title":{"rendered":"Presidente de Per\u00fa anuncia que Betssy Ch\u00e1vez no podr\u00e1 viajar a M\u00e9xico y solicitar\u00e1 revisi\u00f3n de su asilo pol\u00edtico."},"content":{"rendered":"\n<figure class=\"wp-block-image size-large\"><img loading=\"lazy\" decoding=\"async\" width=\"1024\" height=\"576\" src=\"https:\/\/interaccioninformativa.mx\/wp-content\/uploads\/2025\/11\/O7DZQIGISFBXFAMSLSS4SWP64M-1024x576.avif\" alt=\"\" class=\"wp-image-1697\" srcset=\"https:\/\/interaccioninformativa.mx\/wp-content\/uploads\/2025\/11\/O7DZQIGISFBXFAMSLSS4SWP64M-1024x576.avif 1024w, https:\/\/interaccioninformativa.mx\/wp-content\/uploads\/2025\/11\/O7DZQIGISFBXFAMSLSS4SWP64M-300x169.avif 300w, https:\/\/interaccioninformativa.mx\/wp-content\/uploads\/2025\/11\/O7DZQIGISFBXFAMSLSS4SWP64M-768x432.avif 768w, https:\/\/interaccioninformativa.mx\/wp-content\/uploads\/2025\/11\/O7DZQIGISFBXFAMSLSS4SWP64M-678x381.avif 678w, https:\/\/interaccioninformativa.mx\/wp-content\/uploads\/2025\/11\/O7DZQIGISFBXFAMSLSS4SWP64M.avif 1200w\" sizes=\"auto, (max-width: 1024px) 100vw, 1024px\" \/><\/figure>\n\n\n\n<p>El presidente de transici\u00f3n de Per\u00fa, Jos\u00e9 Jer\u00ed, confirm\u00f3 este viernes que la ex primera ministra Betssy Ch\u00e1vez, quien sirvi\u00f3 bajo el gobierno izquierdista de Pedro Castillo (2021-2022), <strong>no podr\u00e1 viajar a M\u00e9xico<\/strong> hasta que su administraci\u00f3n decida sobre el salvoconducto requerido tras la concesi\u00f3n de asilo pol\u00edtico por parte de ese pa\u00eds.<\/p>\n\n\n\n<p>\u201cNo nos pronunciaremos a\u00fan al respecto y, por ende, (Ch\u00e1vez) no podr\u00e1 desplazarse a M\u00e9xico por ahora\u201d, declar\u00f3 Jer\u00ed a los periodistas que lo consultaron sobre el anuncio de la Canciller\u00eda peruana de proponer a los Estados miembros de la Organizaci\u00f3n de Estados Americanos (OEA) una modificaci\u00f3n a la Convenci\u00f3n de Caracas de 1954, al considerar que el derecho al asilo ha sido distorsionado.<\/p>\n\n\n\n<p>Jer\u00ed indic\u00f3 que coordin\u00f3 el contenido de ese anuncio con su canciller, Hugo de Zela, y que la postura actual es abstenerse de decidir \u201ctodav\u00eda sobre el salvoconducto\u201d. \u201cConocemos los tratados internacionales y sus obligaciones\u201d, enfatiz\u00f3, al precisar que Per\u00fa no ha adoptado una resoluci\u00f3n definitiva en este caso.<\/p>\n\n\n\n<p>Agreg\u00f3 que, por esa raz\u00f3n, De Zela \u201cha emitido el pronunciamiento respecto a la modificaci\u00f3n\u201d de la Convenci\u00f3n de Caracas. Jer\u00ed subray\u00f3 que su gobierno no est\u00e1 obligado a resolver \u201cma\u00f1ana o pasado\u201d sobre el salvoconducto y que, mientras tanto, el efecto pr\u00e1ctico es que <strong>Betssy Ch\u00e1vez no puede salir del pa\u00eds<\/strong>.<\/p>\n","protected":false},"excerpt":{"rendered":"<div class=\"mh-excerpt\"><p>El presidente de transici\u00f3n de Per\u00fa, Jos\u00e9 Jer\u00ed, confirm\u00f3 este viernes que la ex primera ministra Betssy Ch\u00e1vez, quien sirvi\u00f3 bajo el gobierno izquierdista de <a class=\"mh-excerpt-more\" href=\"https:\/\/interaccioninformativa.mx\/index.php\/2025\/11\/08\/presidente-de-peru-anuncia-que-betssy-chavez-no-podra-viajar-a-mexico-y-solicitara-revision-de-su-asilo-politico\/\" title=\"Presidente de Per\u00fa anuncia que Betssy Ch\u00e1vez no podr\u00e1 viajar a M\u00e9xico y solicitar\u00e1 revisi\u00f3n de su asilo pol\u00edtico.\">[&#8230;]<\/a><\/p>\n<\/div>","protected":false},"author":1,"featured_media":1697,"comment_status":"open","ping_status":"closed","sticky":false,"template":"","format":"standard","meta":{"footnotes":""},"categories":[1],"tags":[],"class_list":["post-1696","post","type-post","status-publish","format-standard","has-post-thumbnail","hentry","category-noticias"],"_links":{"self":[{"href":"https:\/\/interaccioninformativa.mx\/index.php\/wp-json\/wp\/v2\/posts\/1696","targetHints":{"allow":["GET"]}}],"collection":[{"href":"https:\/\/interaccioninformativa.mx\/index.php\/wp-json\/wp\/v2\/posts"}],"about":[{"href":"https:\/\/interaccioninformativa.mx\/index.php\/wp-json\/wp\/v2\/types\/post"}],"author":[{"embeddable":true,"href":"https:\/\/interaccioninformativa.mx\/index.php\/wp-json\/wp\/v2\/users\/1"}],"replies":[{"embeddable":true,"href":"https:\/\/interaccioninformativa.mx\/index.php\/wp-json\/wp\/v2\/comments?post=1696"}],"version-history":[{"count":1,"href":"https:\/\/interaccioninformativa.mx\/index.php\/wp-json\/wp\/v2\/posts\/1696\/revisions"}],"predecessor-version":[{"id":1698,"href":"https:\/\/interaccioninformativa.mx\/index.php\/wp-json\/wp\/v2\/posts\/1696\/revisions\/1698"}],"wp:featuredmedia":[{"embeddable":true,"href":"https:\/\/interaccioninformativa.mx\/index.php\/wp-json\/wp\/v2\/media\/1697"}],"wp:attachment":[{"href":"https:\/\/interaccioninformativa.mx\/index.php\/wp-json\/wp\/v2\/media?parent=1696"}],"wp:term":[{"taxonomy":"category","embeddable":true,"href":"https:\/\/interaccioninformativa.mx\/index.php\/wp-json\/wp\/v2\/categories?post=1696"},{"taxonomy":"post_tag","embeddable":true,"href":"https:\/\/interaccioninformativa.mx\/index.php\/wp-json\/wp\/v2\/tags?post=1696"}],"curies":[{"name":"wp","href":"https:\/\/api.w.org\/{rel}","templated":true}]}}