{"id":1699,"date":"2025-11-08T16:36:56","date_gmt":"2025-11-08T16:36:56","guid":{"rendered":"https:\/\/interaccioninformativa.mx\/?p=1699"},"modified":"2025-11-08T16:36:56","modified_gmt":"2025-11-08T16:36:56","slug":"procesan-por-abuso-sexual-al-atacante-de-claudia-sheinbaum","status":"publish","type":"post","link":"https:\/\/interaccioninformativa.mx\/index.php\/2025\/11\/08\/procesan-por-abuso-sexual-al-atacante-de-claudia-sheinbaum\/","title":{"rendered":"Procesan por abuso sexual al atacante de Claudia Sheinbaum"},"content":{"rendered":"\n<figure class=\"wp-block-image size-large\"><img loading=\"lazy\" decoding=\"async\" width=\"1024\" height=\"448\" src=\"https:\/\/interaccioninformativa.mx\/wp-content\/uploads\/2025\/11\/74621375_1004-1024x448.webp\" alt=\"\" class=\"wp-image-1700\" srcset=\"https:\/\/interaccioninformativa.mx\/wp-content\/uploads\/2025\/11\/74621375_1004-1024x448.webp 1024w, https:\/\/interaccioninformativa.mx\/wp-content\/uploads\/2025\/11\/74621375_1004-300x131.webp 300w, https:\/\/interaccioninformativa.mx\/wp-content\/uploads\/2025\/11\/74621375_1004-768x336.webp 768w, https:\/\/interaccioninformativa.mx\/wp-content\/uploads\/2025\/11\/74621375_1004.webp 1200w\" sizes=\"auto, (max-width: 1024px) 100vw, 1024px\" \/><\/figure>\n\n\n\n<p>El hombre que agredi\u00f3 a la presidenta de M\u00e9xico, Claudia Sheinbaum, identificado como Uriel R., fue procesado penalmente este viernes (07.11.2025) por el delito de <strong>abuso sexual<\/strong> contra otra mujer.<\/p>\n\n\n\n<p>Un juez orden\u00f3 el inicio del juicio contra el sospechoso, de 33 a\u00f1os, por realizar tocamientos a una joven de 25 a\u00f1os el martes pasado en el centro de la Ciudad de M\u00e9xico, agresi\u00f3n ocurrida <strong>despu\u00e9s<\/strong> del ataque a Sheinbaum.<\/p>\n\n\n\n<p>La audiencia se realiz\u00f3 este viernes en la capital, \u00fanicamente por la denuncia de la joven, tras la cual el acusado fue detenido por agentes que lo vigilaban luego de la agresi\u00f3n a la presidenta. El sujeto permanecer\u00e1 en prisi\u00f3n preventiva en el Reclusorio Norte y <strong>a\u00fan enfrentar\u00e1 un proceso separado<\/strong> por la agresi\u00f3n a la mandataria.<\/p>\n\n\n\n<p>El martes, mientras Sheinbaum caminaba por el centro de la capital saludando a ciudadanos, un hombre en aparente estado de ebriedad se acerc\u00f3, intent\u00f3 besarla en el cuello y la abraz\u00f3 por la espalda. El incidente qued\u00f3 grabado en video y se viraliz\u00f3 en redes sociales.<\/p>\n\n\n\n<p>Horas despu\u00e9s, autoridades federales confirmaron su arresto y traslado a la Fiscal\u00eda de Delitos Sexuales de la Ciudad de M\u00e9xico.<\/p>\n\n\n\n<h3 class=\"wp-block-heading\">Presidenta present\u00f3 denuncia<\/h3>\n\n\n\n<p>Fuentes penales indicaron que Sheinbaum fue v\u00edctima de <strong>abuso sexual flagrante<\/strong>, seg\u00fan el C\u00f3digo Penal de la Ciudad de M\u00e9xico, aunque ning\u00fan colaborador cercano intervino en el momento.<\/p>\n\n\n\n<p>El mi\u00e9rcoles, en su conferencia matutina, Sheinbaum confirm\u00f3 que <strong>interpuso denuncia<\/strong> contra el agresor, aunque inicialmente dud\u00f3, pero lo hizo para enviar \u201cun mensaje a todas las mujeres y a todos los hombres\u201d. Adem\u00e1s, revel\u00f3 que el sujeto <strong>agredi\u00f3 a otras mujeres<\/strong> en el centro ese mismo d\u00eda.<\/p>\n\n\n\n<p>El caso ha generado <strong>fuerte indignaci\u00f3n<\/strong> en M\u00e9xico por la persistencia de la violencia sexual contra las mujeres, incluso hacia la m\u00e1s alta autoridad del pa\u00eds.<\/p>\n\n\n\n<p>Seg\u00fan el Inegi, <strong>m\u00e1s del 70 % de las mujeres mayores de 15 a\u00f1os<\/strong> han sufrido al menos un tipo de violencia: sexual (48 %), psicol\u00f3gica (52 %) o f\u00edsica (35 %). Sin embargo, organizaciones y autoridades estiman una <strong>cifra negra superior al 90 %<\/strong> por casos no denunciados.<\/p>\n","protected":false},"excerpt":{"rendered":"<div class=\"mh-excerpt\"><p>El hombre que agredi\u00f3 a la presidenta de M\u00e9xico, Claudia Sheinbaum, identificado como Uriel R., fue procesado penalmente este viernes (07.11.2025) por el delito de <a class=\"mh-excerpt-more\" href=\"https:\/\/interaccioninformativa.mx\/index.php\/2025\/11\/08\/procesan-por-abuso-sexual-al-atacante-de-claudia-sheinbaum\/\" title=\"Procesan por abuso sexual al atacante de Claudia Sheinbaum\">[&#8230;]<\/a><\/p>\n<\/div>","protected":false},"author":1,"featured_media":1700,"comment_status":"open","ping_status":"closed","sticky":false,"template":"","format":"standard","meta":{"footnotes":""},"categories":[1],"tags":[],"class_list":["post-1699","post","type-post","status-publish","format-standard","has-post-thumbnail","hentry","category-noticias"],"_links":{"self":[{"href":"https:\/\/interaccioninformativa.mx\/index.php\/wp-json\/wp\/v2\/posts\/1699","targetHints":{"allow":["GET"]}}],"collection":[{"href":"https:\/\/interaccioninformativa.mx\/index.php\/wp-json\/wp\/v2\/posts"}],"about":[{"href":"https:\/\/interaccioninformativa.mx\/index.php\/wp-json\/wp\/v2\/types\/post"}],"author":[{"embeddable":true,"href":"https:\/\/interaccioninformativa.mx\/index.php\/wp-json\/wp\/v2\/users\/1"}],"replies":[{"embeddable":true,"href":"https:\/\/interaccioninformativa.mx\/index.php\/wp-json\/wp\/v2\/comments?post=1699"}],"version-history":[{"count":1,"href":"https:\/\/interaccioninformativa.mx\/index.php\/wp-json\/wp\/v2\/posts\/1699\/revisions"}],"predecessor-version":[{"id":1701,"href":"https:\/\/interaccioninformativa.mx\/index.php\/wp-json\/wp\/v2\/posts\/1699\/revisions\/1701"}],"wp:featuredmedia":[{"embeddable":true,"href":"https:\/\/interaccioninformativa.mx\/index.php\/wp-json\/wp\/v2\/media\/1700"}],"wp:attachment":[{"href":"https:\/\/interaccioninformativa.mx\/index.php\/wp-json\/wp\/v2\/media?parent=1699"}],"wp:term":[{"taxonomy":"category","embeddable":true,"href":"https:\/\/interaccioninformativa.mx\/index.php\/wp-json\/wp\/v2\/categories?post=1699"},{"taxonomy":"post_tag","embeddable":true,"href":"https:\/\/interaccioninformativa.mx\/index.php\/wp-json\/wp\/v2\/tags?post=1699"}],"curies":[{"name":"wp","href":"https:\/\/api.w.org\/{rel}","templated":true}]}}