{"id":1709,"date":"2025-11-09T16:32:21","date_gmt":"2025-11-09T16:32:21","guid":{"rendered":"https:\/\/interaccioninformativa.mx\/?p=1709"},"modified":"2025-11-10T16:32:31","modified_gmt":"2025-11-10T16:32:31","slug":"renuncian-el-director-general-de-la-bbc-y-la-jefa-de-noticias-por-criticas-a-la-edicion-de-un-documental-sobre-trump","status":"publish","type":"post","link":"https:\/\/interaccioninformativa.mx\/index.php\/2025\/11\/09\/renuncian-el-director-general-de-la-bbc-y-la-jefa-de-noticias-por-criticas-a-la-edicion-de-un-documental-sobre-trump\/","title":{"rendered":"Renuncian el director general de la BBC y la jefa de noticias por cr\u00edticas a la edici\u00f3n de un documental sobre Trump."},"content":{"rendered":"\n<figure class=\"wp-block-image size-full\"><img loading=\"lazy\" decoding=\"async\" width=\"800\" height=\"449\" src=\"https:\/\/interaccioninformativa.mx\/wp-content\/uploads\/2025\/11\/ef71fff0-bda3-11f0-a4d3-9de1cf7310f9.jpg.webp\" alt=\"\" class=\"wp-image-1710\" srcset=\"https:\/\/interaccioninformativa.mx\/wp-content\/uploads\/2025\/11\/ef71fff0-bda3-11f0-a4d3-9de1cf7310f9.jpg.webp 800w, https:\/\/interaccioninformativa.mx\/wp-content\/uploads\/2025\/11\/ef71fff0-bda3-11f0-a4d3-9de1cf7310f9.jpg-300x168.webp 300w, https:\/\/interaccioninformativa.mx\/wp-content\/uploads\/2025\/11\/ef71fff0-bda3-11f0-a4d3-9de1cf7310f9.jpg-768x431.webp 768w, https:\/\/interaccioninformativa.mx\/wp-content\/uploads\/2025\/11\/ef71fff0-bda3-11f0-a4d3-9de1cf7310f9.jpg-678x381.webp 678w\" sizes=\"auto, (max-width: 800px) 100vw, 800px\" \/><\/figure>\n\n\n\n<p>Tim Davie, director general de la BBC, y Deborah Turness, m\u00e1xima responsable de noticias, anunciaron su renuncia este domingo tras las cr\u00edticas por la edici\u00f3n de un documental de Panorama sobre Donald Trump.<\/p>\n\n\n\n<p>El esc\u00e1ndalo surgi\u00f3 luego de que un reportaje period\u00edstico acusara al programa de manipular un discurso del presidente estadounidense para enga\u00f1ar a la audiencia. Seg\u00fan el diario <em>The Telegraph<\/em>, un memorando interno filtrado revela que se unieron dos fragmentos del discurso de Trump para dar la impresi\u00f3n de que incitaba directamente a los disturbios del Capitolio en enero de 2021.<\/p>\n\n\n\n<p>El documento proviene de Michael Prescott, exasesor independiente del comit\u00e9 de est\u00e1ndares editoriales de la BBC, quien dej\u00f3 el cargo en junio.<\/p>\n","protected":false},"excerpt":{"rendered":"<div class=\"mh-excerpt\"><p>Tim Davie, director general de la BBC, y Deborah Turness, m\u00e1xima responsable de noticias, anunciaron su renuncia este domingo tras las cr\u00edticas por la edici\u00f3n <a class=\"mh-excerpt-more\" href=\"https:\/\/interaccioninformativa.mx\/index.php\/2025\/11\/09\/renuncian-el-director-general-de-la-bbc-y-la-jefa-de-noticias-por-criticas-a-la-edicion-de-un-documental-sobre-trump\/\" title=\"Renuncian el director general de la BBC y la jefa de noticias por cr\u00edticas a la edici\u00f3n de un documental sobre Trump.\">[&#8230;]<\/a><\/p>\n<\/div>","protected":false},"author":1,"featured_media":1710,"comment_status":"open","ping_status":"closed","sticky":false,"template":"","format":"standard","meta":{"footnotes":""},"categories":[1],"tags":[],"class_list":["post-1709","post","type-post","status-publish","format-standard","has-post-thumbnail","hentry","category-noticias"],"_links":{"self":[{"href":"https:\/\/interaccioninformativa.mx\/index.php\/wp-json\/wp\/v2\/posts\/1709","targetHints":{"allow":["GET"]}}],"collection":[{"href":"https:\/\/interaccioninformativa.mx\/index.php\/wp-json\/wp\/v2\/posts"}],"about":[{"href":"https:\/\/interaccioninformativa.mx\/index.php\/wp-json\/wp\/v2\/types\/post"}],"author":[{"embeddable":true,"href":"https:\/\/interaccioninformativa.mx\/index.php\/wp-json\/wp\/v2\/users\/1"}],"replies":[{"embeddable":true,"href":"https:\/\/interaccioninformativa.mx\/index.php\/wp-json\/wp\/v2\/comments?post=1709"}],"version-history":[{"count":1,"href":"https:\/\/interaccioninformativa.mx\/index.php\/wp-json\/wp\/v2\/posts\/1709\/revisions"}],"predecessor-version":[{"id":1711,"href":"https:\/\/interaccioninformativa.mx\/index.php\/wp-json\/wp\/v2\/posts\/1709\/revisions\/1711"}],"wp:featuredmedia":[{"embeddable":true,"href":"https:\/\/interaccioninformativa.mx\/index.php\/wp-json\/wp\/v2\/media\/1710"}],"wp:attachment":[{"href":"https:\/\/interaccioninformativa.mx\/index.php\/wp-json\/wp\/v2\/media?parent=1709"}],"wp:term":[{"taxonomy":"category","embeddable":true,"href":"https:\/\/interaccioninformativa.mx\/index.php\/wp-json\/wp\/v2\/categories?post=1709"},{"taxonomy":"post_tag","embeddable":true,"href":"https:\/\/interaccioninformativa.mx\/index.php\/wp-json\/wp\/v2\/tags?post=1709"}],"curies":[{"name":"wp","href":"https:\/\/api.w.org\/{rel}","templated":true}]}}