{"id":1715,"date":"2025-11-10T16:41:52","date_gmt":"2025-11-10T16:41:52","guid":{"rendered":"https:\/\/interaccioninformativa.mx\/?p=1715"},"modified":"2025-11-10T16:42:53","modified_gmt":"2025-11-10T16:42:53","slug":"gobierno-federal-lanza-el-plan-michoacan-por-la-paz-y-la-justicia","status":"publish","type":"post","link":"https:\/\/interaccioninformativa.mx\/index.php\/2025\/11\/10\/gobierno-federal-lanza-el-plan-michoacan-por-la-paz-y-la-justicia\/","title":{"rendered":"Gobierno federal lanza el Plan Michoac\u00e1n por la Paz y la Justicia."},"content":{"rendered":"\n<figure class=\"wp-block-image size-large\"><img loading=\"lazy\" decoding=\"async\" width=\"1024\" height=\"683\" src=\"https:\/\/interaccioninformativa.mx\/wp-content\/uploads\/2025\/11\/plan-michoacan-presenta-sheinbaum-palacio-nacional-uruapan-carlos-manzo-091125-1-1024x683.jpg\" alt=\"\" class=\"wp-image-1716\" srcset=\"https:\/\/interaccioninformativa.mx\/wp-content\/uploads\/2025\/11\/plan-michoacan-presenta-sheinbaum-palacio-nacional-uruapan-carlos-manzo-091125-1-1024x683.jpg 1024w, https:\/\/interaccioninformativa.mx\/wp-content\/uploads\/2025\/11\/plan-michoacan-presenta-sheinbaum-palacio-nacional-uruapan-carlos-manzo-091125-1-300x200.jpg 300w, https:\/\/interaccioninformativa.mx\/wp-content\/uploads\/2025\/11\/plan-michoacan-presenta-sheinbaum-palacio-nacional-uruapan-carlos-manzo-091125-1-768x512.jpg 768w, https:\/\/interaccioninformativa.mx\/wp-content\/uploads\/2025\/11\/plan-michoacan-presenta-sheinbaum-palacio-nacional-uruapan-carlos-manzo-091125-1.jpg 1200w\" sizes=\"auto, (max-width: 1024px) 100vw, 1024px\" \/><\/figure>\n\n\n\n<p>Desde Palacio Nacional, el gabinete de la presidenta Claudia Sheinbaum present\u00f3 este domingo el Plan Michoac\u00e1n por la Paz y la Justicia.<\/p>\n\n\n\n<p>Este iniciativa gubernamental se impulsa tras el asesinato del alcalde de Uruapan, Michoac\u00e1n, Carlos Manzo, con el objetivo de fortalecer la seguridad en el estado y fomentar el desarrollo econ\u00f3mico y social para su poblaci\u00f3n.<\/p>\n\n\n\n<p>En la apertura del evento, el secretario de Seguridad y Protecci\u00f3n Ciudadana, Omar Garc\u00eda Harfuch, subray\u00f3 que \u201cel gobierno de M\u00e9xico reafirma su compromiso inquebrantable con la seguridad de Michoac\u00e1n y el derecho de su gente a vivir en paz\u201d. A su vez, el secretario de Defensa, Ricardo Trevilla Trejo, detall\u00f3 que, a partir de ma\u00f1ana, \u201cse implementar\u00e1 un despliegue \u00e1gil, flexible y din\u00e1mico, que involucra a los 4,386 efectivos ya presentes, reforzados con 1,980 elementos adicionales que llegar\u00e1n al estado\u201d. \u201cAdem\u00e1s, se ejecutar\u00e1 la operaci\u00f3n de contenci\u00f3n con 4,140 elementos para sellar las fronteras de Michoac\u00e1n e impedir el ingreso o salida de grupos delincuenciales\u201d, agreg\u00f3. <\/p>\n","protected":false},"excerpt":{"rendered":"<div class=\"mh-excerpt\"><p>Desde Palacio Nacional, el gabinete de la presidenta Claudia Sheinbaum present\u00f3 este domingo el Plan Michoac\u00e1n por la Paz y la Justicia. Este iniciativa gubernamental <a class=\"mh-excerpt-more\" href=\"https:\/\/interaccioninformativa.mx\/index.php\/2025\/11\/10\/gobierno-federal-lanza-el-plan-michoacan-por-la-paz-y-la-justicia\/\" title=\"Gobierno federal lanza el Plan Michoac\u00e1n por la Paz y la Justicia.\">[&#8230;]<\/a><\/p>\n<\/div>","protected":false},"author":1,"featured_media":1716,"comment_status":"open","ping_status":"closed","sticky":false,"template":"","format":"standard","meta":{"footnotes":""},"categories":[1],"tags":[],"class_list":["post-1715","post","type-post","status-publish","format-standard","has-post-thumbnail","hentry","category-noticias"],"_links":{"self":[{"href":"https:\/\/interaccioninformativa.mx\/index.php\/wp-json\/wp\/v2\/posts\/1715","targetHints":{"allow":["GET"]}}],"collection":[{"href":"https:\/\/interaccioninformativa.mx\/index.php\/wp-json\/wp\/v2\/posts"}],"about":[{"href":"https:\/\/interaccioninformativa.mx\/index.php\/wp-json\/wp\/v2\/types\/post"}],"author":[{"embeddable":true,"href":"https:\/\/interaccioninformativa.mx\/index.php\/wp-json\/wp\/v2\/users\/1"}],"replies":[{"embeddable":true,"href":"https:\/\/interaccioninformativa.mx\/index.php\/wp-json\/wp\/v2\/comments?post=1715"}],"version-history":[{"count":1,"href":"https:\/\/interaccioninformativa.mx\/index.php\/wp-json\/wp\/v2\/posts\/1715\/revisions"}],"predecessor-version":[{"id":1717,"href":"https:\/\/interaccioninformativa.mx\/index.php\/wp-json\/wp\/v2\/posts\/1715\/revisions\/1717"}],"wp:featuredmedia":[{"embeddable":true,"href":"https:\/\/interaccioninformativa.mx\/index.php\/wp-json\/wp\/v2\/media\/1716"}],"wp:attachment":[{"href":"https:\/\/interaccioninformativa.mx\/index.php\/wp-json\/wp\/v2\/media?parent=1715"}],"wp:term":[{"taxonomy":"category","embeddable":true,"href":"https:\/\/interaccioninformativa.mx\/index.php\/wp-json\/wp\/v2\/categories?post=1715"},{"taxonomy":"post_tag","embeddable":true,"href":"https:\/\/interaccioninformativa.mx\/index.php\/wp-json\/wp\/v2\/tags?post=1715"}],"curies":[{"name":"wp","href":"https:\/\/api.w.org\/{rel}","templated":true}]}}