{"id":1719,"date":"2025-11-10T16:48:52","date_gmt":"2025-11-10T16:48:52","guid":{"rendered":"https:\/\/interaccioninformativa.mx\/?p=1719"},"modified":"2025-11-10T16:48:52","modified_gmt":"2025-11-10T16:48:52","slug":"capturan-a-exagente-involucrado-en-el-asesinato-de-luis-donaldo-colosio","status":"publish","type":"post","link":"https:\/\/interaccioninformativa.mx\/index.php\/2025\/11\/10\/capturan-a-exagente-involucrado-en-el-asesinato-de-luis-donaldo-colosio\/","title":{"rendered":"Capturan a exagente involucrado en el asesinato de Luis Donaldo Colosio."},"content":{"rendered":"\n<figure class=\"wp-block-image size-large\"><img loading=\"lazy\" decoding=\"async\" width=\"1024\" height=\"631\" src=\"https:\/\/interaccioninformativa.mx\/wp-content\/uploads\/2025\/11\/jorge-antonio-sanchez-ortega-implicado-en-el-asesinato-de-luis-donaldo-colosio-murrieta-1-1024x631.jpg\" alt=\"\" class=\"wp-image-1720\" srcset=\"https:\/\/interaccioninformativa.mx\/wp-content\/uploads\/2025\/11\/jorge-antonio-sanchez-ortega-implicado-en-el-asesinato-de-luis-donaldo-colosio-murrieta-1-1024x631.jpg 1024w, https:\/\/interaccioninformativa.mx\/wp-content\/uploads\/2025\/11\/jorge-antonio-sanchez-ortega-implicado-en-el-asesinato-de-luis-donaldo-colosio-murrieta-1-300x185.jpg 300w, https:\/\/interaccioninformativa.mx\/wp-content\/uploads\/2025\/11\/jorge-antonio-sanchez-ortega-implicado-en-el-asesinato-de-luis-donaldo-colosio-murrieta-1-768x474.jpg 768w, https:\/\/interaccioninformativa.mx\/wp-content\/uploads\/2025\/11\/jorge-antonio-sanchez-ortega-implicado-en-el-asesinato-de-luis-donaldo-colosio-murrieta-1.jpg 1200w\" sizes=\"auto, (max-width: 1024px) 100vw, 1024px\" \/><\/figure>\n\n\n\n<p>El exagente fue capturado en Tijuana, Baja California, en cumplimiento de una orden de aprehensi\u00f3n federal. Se trata de la segunda detenci\u00f3n relacionada con el Caso Colosio.<\/p>\n\n\n\n<p>Investigaciones indican que Jorge Antonio S\u00e1nchez Ortega portaba una chamarra con manchas de sangre de Luis Donaldo Colosio Murrieta tras el atentado del 23 de marzo de 1994. Al ser detenido en ese momento, dio positivo en la prueba de rodizonato de sodio, que detecta residuos de disparos de arma de fuego. Sin embargo, fue liberado por falta de pruebas.<\/p>\n\n\n\n<p>En 2024, la FGR lo identific\u00f3 como el segundo tirador y solicit\u00f3 nuevamente su captura. Lo se\u00f1ala como agente del Cisen asignado a la seguridad del candidato priista, y acusa que su liberaci\u00f3n inicial obedeci\u00f3 a un \u201cevidente encubrimiento delictivo\u201d en el que habr\u00eda participado Genaro Garc\u00eda Luna, entonces subdirector operativo del Cisen.<\/p>\n","protected":false},"excerpt":{"rendered":"<div class=\"mh-excerpt\"><p>El exagente fue capturado en Tijuana, Baja California, en cumplimiento de una orden de aprehensi\u00f3n federal. Se trata de la segunda detenci\u00f3n relacionada con el <a class=\"mh-excerpt-more\" href=\"https:\/\/interaccioninformativa.mx\/index.php\/2025\/11\/10\/capturan-a-exagente-involucrado-en-el-asesinato-de-luis-donaldo-colosio\/\" title=\"Capturan a exagente involucrado en el asesinato de Luis Donaldo Colosio.\">[&#8230;]<\/a><\/p>\n<\/div>","protected":false},"author":1,"featured_media":1720,"comment_status":"open","ping_status":"closed","sticky":false,"template":"","format":"standard","meta":{"footnotes":""},"categories":[1],"tags":[],"class_list":["post-1719","post","type-post","status-publish","format-standard","has-post-thumbnail","hentry","category-noticias"],"_links":{"self":[{"href":"https:\/\/interaccioninformativa.mx\/index.php\/wp-json\/wp\/v2\/posts\/1719","targetHints":{"allow":["GET"]}}],"collection":[{"href":"https:\/\/interaccioninformativa.mx\/index.php\/wp-json\/wp\/v2\/posts"}],"about":[{"href":"https:\/\/interaccioninformativa.mx\/index.php\/wp-json\/wp\/v2\/types\/post"}],"author":[{"embeddable":true,"href":"https:\/\/interaccioninformativa.mx\/index.php\/wp-json\/wp\/v2\/users\/1"}],"replies":[{"embeddable":true,"href":"https:\/\/interaccioninformativa.mx\/index.php\/wp-json\/wp\/v2\/comments?post=1719"}],"version-history":[{"count":1,"href":"https:\/\/interaccioninformativa.mx\/index.php\/wp-json\/wp\/v2\/posts\/1719\/revisions"}],"predecessor-version":[{"id":1721,"href":"https:\/\/interaccioninformativa.mx\/index.php\/wp-json\/wp\/v2\/posts\/1719\/revisions\/1721"}],"wp:featuredmedia":[{"embeddable":true,"href":"https:\/\/interaccioninformativa.mx\/index.php\/wp-json\/wp\/v2\/media\/1720"}],"wp:attachment":[{"href":"https:\/\/interaccioninformativa.mx\/index.php\/wp-json\/wp\/v2\/media?parent=1719"}],"wp:term":[{"taxonomy":"category","embeddable":true,"href":"https:\/\/interaccioninformativa.mx\/index.php\/wp-json\/wp\/v2\/categories?post=1719"},{"taxonomy":"post_tag","embeddable":true,"href":"https:\/\/interaccioninformativa.mx\/index.php\/wp-json\/wp\/v2\/tags?post=1719"}],"curies":[{"name":"wp","href":"https:\/\/api.w.org\/{rel}","templated":true}]}}