{"id":1722,"date":"2025-11-10T16:51:26","date_gmt":"2025-11-10T16:51:26","guid":{"rendered":"https:\/\/interaccioninformativa.mx\/?p=1722"},"modified":"2025-11-10T16:51:26","modified_gmt":"2025-11-10T16:51:26","slug":"inicia-cumbre-celac-ue-en-santa-marta-con-mas-de-40-delegaciones","status":"publish","type":"post","link":"https:\/\/interaccioninformativa.mx\/index.php\/2025\/11\/10\/inicia-cumbre-celac-ue-en-santa-marta-con-mas-de-40-delegaciones\/","title":{"rendered":"Inicia Cumbre CELAC-UE en Santa Marta con m\u00e1s de 40 delegaciones."},"content":{"rendered":"\n<figure class=\"wp-block-image size-full\"><img loading=\"lazy\" decoding=\"async\" width=\"992\" height=\"483\" src=\"https:\/\/interaccioninformativa.mx\/wp-content\/uploads\/2025\/11\/foto-celac.jpg.webp\" alt=\"\" class=\"wp-image-1723\" srcset=\"https:\/\/interaccioninformativa.mx\/wp-content\/uploads\/2025\/11\/foto-celac.jpg.webp 992w, https:\/\/interaccioninformativa.mx\/wp-content\/uploads\/2025\/11\/foto-celac.jpg-300x146.webp 300w, https:\/\/interaccioninformativa.mx\/wp-content\/uploads\/2025\/11\/foto-celac.jpg-768x374.webp 768w\" sizes=\"auto, (max-width: 992px) 100vw, 992px\" \/><\/figure>\n\n\n\n<p>La cuarta Cumbre CELAC-UE inici\u00f3 este domingo con la foto oficial que congreg\u00f3 a delegaciones de m\u00e1s de 40 pa\u00edses en el Centro de Convenciones Pozos Colorados, en Santa Marta.<\/p>\n\n\n\n<p>El encuentro birregional, inaugurado por el presidente anfitri\u00f3n Gustavo Petro, adquiere especial relevancia en medio de crecientes tensiones geopol\u00edticas, especialmente tras los recientes bombardeos estadounidenses en aguas del Caribe, tema central en la agenda.<\/p>\n\n\n\n<p>Petro fue enf\u00e1tico: \u00abLa soberan\u00eda debe respetarse por encima de cualquier autoritarismo, despotismo o criterio imperial\u00bb, y llam\u00f3 a una \u00abdemocracia global\u00bb. Su postura fue respaldada por el canciller mexicano Juan Ram\u00f3n de la Fuente, quien insisti\u00f3 en el respeto a la soberan\u00eda nacional, y por el presidente del Consejo Europeo, Ant\u00f3nio Costa, quien celebr\u00f3 \u00abuna posici\u00f3n conjunta sobre las situaciones cr\u00edticas del mundo\u00bb.<\/p>\n\n\n\n<p>El presidente brasile\u00f1o Luiz In\u00e1cio Lula da Silva lleg\u00f3 bajo estrictas medidas de seguridad y fue recibido por la canciller colombiana Rosa Villavicencio. Tambi\u00e9n asisti\u00f3 el presidente del Gobierno espa\u00f1ol, Pedro S\u00e1nchez, aunque ambos l\u00edderes se abstuvieron de declaraciones previas al inicio de la cumbre.<\/p>\n","protected":false},"excerpt":{"rendered":"<div class=\"mh-excerpt\"><p>La cuarta Cumbre CELAC-UE inici\u00f3 este domingo con la foto oficial que congreg\u00f3 a delegaciones de m\u00e1s de 40 pa\u00edses en el Centro de Convenciones <a class=\"mh-excerpt-more\" href=\"https:\/\/interaccioninformativa.mx\/index.php\/2025\/11\/10\/inicia-cumbre-celac-ue-en-santa-marta-con-mas-de-40-delegaciones\/\" title=\"Inicia Cumbre CELAC-UE en Santa Marta con m\u00e1s de 40 delegaciones.\">[&#8230;]<\/a><\/p>\n<\/div>","protected":false},"author":1,"featured_media":1723,"comment_status":"open","ping_status":"closed","sticky":false,"template":"","format":"standard","meta":{"footnotes":""},"categories":[1],"tags":[],"class_list":["post-1722","post","type-post","status-publish","format-standard","has-post-thumbnail","hentry","category-noticias"],"_links":{"self":[{"href":"https:\/\/interaccioninformativa.mx\/index.php\/wp-json\/wp\/v2\/posts\/1722","targetHints":{"allow":["GET"]}}],"collection":[{"href":"https:\/\/interaccioninformativa.mx\/index.php\/wp-json\/wp\/v2\/posts"}],"about":[{"href":"https:\/\/interaccioninformativa.mx\/index.php\/wp-json\/wp\/v2\/types\/post"}],"author":[{"embeddable":true,"href":"https:\/\/interaccioninformativa.mx\/index.php\/wp-json\/wp\/v2\/users\/1"}],"replies":[{"embeddable":true,"href":"https:\/\/interaccioninformativa.mx\/index.php\/wp-json\/wp\/v2\/comments?post=1722"}],"version-history":[{"count":1,"href":"https:\/\/interaccioninformativa.mx\/index.php\/wp-json\/wp\/v2\/posts\/1722\/revisions"}],"predecessor-version":[{"id":1724,"href":"https:\/\/interaccioninformativa.mx\/index.php\/wp-json\/wp\/v2\/posts\/1722\/revisions\/1724"}],"wp:featuredmedia":[{"embeddable":true,"href":"https:\/\/interaccioninformativa.mx\/index.php\/wp-json\/wp\/v2\/media\/1723"}],"wp:attachment":[{"href":"https:\/\/interaccioninformativa.mx\/index.php\/wp-json\/wp\/v2\/media?parent=1722"}],"wp:term":[{"taxonomy":"category","embeddable":true,"href":"https:\/\/interaccioninformativa.mx\/index.php\/wp-json\/wp\/v2\/categories?post=1722"},{"taxonomy":"post_tag","embeddable":true,"href":"https:\/\/interaccioninformativa.mx\/index.php\/wp-json\/wp\/v2\/tags?post=1722"}],"curies":[{"name":"wp","href":"https:\/\/api.w.org\/{rel}","templated":true}]}}