{"id":1732,"date":"2025-11-11T16:39:43","date_gmt":"2025-11-11T16:39:43","guid":{"rendered":"https:\/\/interaccioninformativa.mx\/?p=1732"},"modified":"2025-11-11T16:39:43","modified_gmt":"2025-11-11T16:39:43","slug":"es-oficial-confirman-aumento-y-adelanto-del-aguinaldo-en-noviembre-para-estos-trabajadores","status":"publish","type":"post","link":"https:\/\/interaccioninformativa.mx\/index.php\/2025\/11\/11\/es-oficial-confirman-aumento-y-adelanto-del-aguinaldo-en-noviembre-para-estos-trabajadores\/","title":{"rendered":"Es oficial: confirman aumento y adelanto del aguinaldo en noviembre para estos trabajadores"},"content":{"rendered":"\n<figure class=\"wp-block-image size-full\"><img loading=\"lazy\" decoding=\"async\" width=\"990\" height=\"557\" src=\"https:\/\/interaccioninformativa.mx\/wp-content\/uploads\/2025\/11\/cajero-automatico-7DS5Z3Y25VF37PP6HCVDZNC37Q-1.avif\" alt=\"\" class=\"wp-image-1733\" srcset=\"https:\/\/interaccioninformativa.mx\/wp-content\/uploads\/2025\/11\/cajero-automatico-7DS5Z3Y25VF37PP6HCVDZNC37Q-1.avif 990w, https:\/\/interaccioninformativa.mx\/wp-content\/uploads\/2025\/11\/cajero-automatico-7DS5Z3Y25VF37PP6HCVDZNC37Q-1-300x169.avif 300w, https:\/\/interaccioninformativa.mx\/wp-content\/uploads\/2025\/11\/cajero-automatico-7DS5Z3Y25VF37PP6HCVDZNC37Q-1-768x432.avif 768w, https:\/\/interaccioninformativa.mx\/wp-content\/uploads\/2025\/11\/cajero-automatico-7DS5Z3Y25VF37PP6HCVDZNC37Q-1-678x381.avif 678w\" sizes=\"auto, (max-width: 990px) 100vw, 990px\" \/><\/figure>\n\n\n\n<p>El 4 de noviembre, el <strong>Diario Oficial de la Federaci\u00f3n (DOF)<\/strong> public\u00f3 un decreto presidencial que autoriza el pago de un <strong>aguinaldo de 40 d\u00edas de salario<\/strong>, firmado por la presidenta <strong>Claudia Sheinbaum<\/strong>. Esta medida no solo incrementa el monto, sino que <strong>anticipa su dispersi\u00f3n<\/strong> para ciertos trabajadores, con el objetivo de inyectar liquidez a la econom\u00eda justo antes de <strong>\u201cEl Buen Fin 2025\u201d<\/strong>, impulsando el consumo y el bienestar laboral.<\/p>\n\n\n\n<h3 class=\"wp-block-heading\">\u00bfQui\u00e9nes recibir\u00e1n un aguinaldo de 40 d\u00edas y cu\u00e1ndo comenzar\u00e1n los dep\u00f3sitos?<\/h3>\n\n\n\n<p>La dispersi\u00f3n del aguinaldo inicia <strong>a partir del 10 de noviembre<\/strong>, con un calendario dise\u00f1ado para incentivar el consumo y garantizar equidad en la administraci\u00f3n p\u00fablica federal.<\/p>\n\n\n\n<p>Este beneficio aplica <strong>exclusivamente a servidores p\u00fablicos con relaci\u00f3n laboral directa con el Gobierno Federal<\/strong>, incluyendo:<\/p>\n\n\n\n<ul class=\"wp-block-list\">\n<li>Personal operativo<\/li>\n\n\n\n<li>Personal de mando<\/li>\n\n\n\n<li>Miembros del Servicio Exterior Mexicano<\/li>\n\n\n\n<li>Integrantes de las Fuerzas Armadas en activo<\/li>\n\n\n\n<li>Pensionistas con haberes de retiro, veteranos de la Revoluci\u00f3n y deudos con pensi\u00f3n asignada<\/li>\n\n\n\n<li>Contratados por honorarios bajo el cap\u00edtulo de Servicios Personales<\/li>\n<\/ul>\n\n\n\n<p>Aunque la <strong>Ley Federal del Trabajo (LFT)<\/strong> establece un m\u00ednimo de 15 d\u00edas de aguinaldo antes del 20 de diciembre, este decreto presidencial otorga <strong>40 d\u00edas y entrega anticipada<\/strong> a este grupo selecto.<\/p>\n","protected":false},"excerpt":{"rendered":"<div class=\"mh-excerpt\"><p>El 4 de noviembre, el Diario Oficial de la Federaci\u00f3n (DOF) public\u00f3 un decreto presidencial que autoriza el pago de un aguinaldo de 40 d\u00edas <a class=\"mh-excerpt-more\" href=\"https:\/\/interaccioninformativa.mx\/index.php\/2025\/11\/11\/es-oficial-confirman-aumento-y-adelanto-del-aguinaldo-en-noviembre-para-estos-trabajadores\/\" title=\"Es oficial: confirman aumento y adelanto del aguinaldo en noviembre para estos trabajadores\">[&#8230;]<\/a><\/p>\n<\/div>","protected":false},"author":1,"featured_media":1733,"comment_status":"open","ping_status":"closed","sticky":false,"template":"","format":"standard","meta":{"footnotes":""},"categories":[1],"tags":[],"class_list":["post-1732","post","type-post","status-publish","format-standard","has-post-thumbnail","hentry","category-noticias"],"_links":{"self":[{"href":"https:\/\/interaccioninformativa.mx\/index.php\/wp-json\/wp\/v2\/posts\/1732","targetHints":{"allow":["GET"]}}],"collection":[{"href":"https:\/\/interaccioninformativa.mx\/index.php\/wp-json\/wp\/v2\/posts"}],"about":[{"href":"https:\/\/interaccioninformativa.mx\/index.php\/wp-json\/wp\/v2\/types\/post"}],"author":[{"embeddable":true,"href":"https:\/\/interaccioninformativa.mx\/index.php\/wp-json\/wp\/v2\/users\/1"}],"replies":[{"embeddable":true,"href":"https:\/\/interaccioninformativa.mx\/index.php\/wp-json\/wp\/v2\/comments?post=1732"}],"version-history":[{"count":1,"href":"https:\/\/interaccioninformativa.mx\/index.php\/wp-json\/wp\/v2\/posts\/1732\/revisions"}],"predecessor-version":[{"id":1734,"href":"https:\/\/interaccioninformativa.mx\/index.php\/wp-json\/wp\/v2\/posts\/1732\/revisions\/1734"}],"wp:featuredmedia":[{"embeddable":true,"href":"https:\/\/interaccioninformativa.mx\/index.php\/wp-json\/wp\/v2\/media\/1733"}],"wp:attachment":[{"href":"https:\/\/interaccioninformativa.mx\/index.php\/wp-json\/wp\/v2\/media?parent=1732"}],"wp:term":[{"taxonomy":"category","embeddable":true,"href":"https:\/\/interaccioninformativa.mx\/index.php\/wp-json\/wp\/v2\/categories?post=1732"},{"taxonomy":"post_tag","embeddable":true,"href":"https:\/\/interaccioninformativa.mx\/index.php\/wp-json\/wp\/v2\/tags?post=1732"}],"curies":[{"name":"wp","href":"https:\/\/api.w.org\/{rel}","templated":true}]}}