{"id":1742,"date":"2025-11-12T17:42:20","date_gmt":"2025-11-12T17:42:20","guid":{"rendered":"https:\/\/interaccioninformativa.mx\/?p=1742"},"modified":"2025-11-12T17:42:20","modified_gmt":"2025-11-12T17:42:20","slug":"javier-duarte-posterga-su-posible-liberacion-jueza-difiere-audiencia","status":"publish","type":"post","link":"https:\/\/interaccioninformativa.mx\/index.php\/2025\/11\/12\/javier-duarte-posterga-su-posible-liberacion-jueza-difiere-audiencia\/","title":{"rendered":"Javier Duarte posterga su posible liberaci\u00f3n; jueza difiere audiencia."},"content":{"rendered":"\n<figure class=\"wp-block-image size-large\"><img loading=\"lazy\" decoding=\"async\" width=\"1024\" height=\"620\" src=\"https:\/\/interaccioninformativa.mx\/wp-content\/uploads\/2025\/11\/GYL5Q7S35VBG7AWGI7EK4CBZU4-1024x620.avif\" alt=\"\" class=\"wp-image-1743\" srcset=\"https:\/\/interaccioninformativa.mx\/wp-content\/uploads\/2025\/11\/GYL5Q7S35VBG7AWGI7EK4CBZU4-1024x620.avif 1024w, https:\/\/interaccioninformativa.mx\/wp-content\/uploads\/2025\/11\/GYL5Q7S35VBG7AWGI7EK4CBZU4-300x182.avif 300w, https:\/\/interaccioninformativa.mx\/wp-content\/uploads\/2025\/11\/GYL5Q7S35VBG7AWGI7EK4CBZU4-768x465.avif 768w, https:\/\/interaccioninformativa.mx\/wp-content\/uploads\/2025\/11\/GYL5Q7S35VBG7AWGI7EK4CBZU4.avif 1100w\" sizes=\"auto, (max-width: 1024px) 100vw, 1024px\" \/><\/figure>\n\n\n\n<p>El exgobernador de Veracruz, Javier Duarte de Ochoa, deber\u00e1 aguardar m\u00e1s para conocer si obtiene libertad condicional.<\/p>\n\n\n\n<p>La juez de Ejecuci\u00f3n Penal, \u00c1ngela Zamorano Herrera, en el Reclusorio Norte, aplaz\u00f3 al 19 de noviembre la continuaci\u00f3n de la audiencia.<\/p>\n\n\n\n<p>Este martes, en una diligencia de m\u00e1s de 10 horas, la defensa present\u00f3 cinco testigos que acreditaron la buena conducta de Duarte: Leticia G\u00e1rnica Gonz\u00e1lez (directora Jur\u00eddica del Reclusorio Norte), Francisco Javier Morales (encargado de Apoyo Penitenciario), Diego Quiroz Rodr\u00edguez (director de Sentenciados), Oswaldo Gonz\u00e1lez Rojas (exsubdirector) y Daniel Espinosa Espinosa (subdirector de Custodia).<\/p>\n\n\n\n<p>Falta declarar el director del Reclusorio Norte, Luis \u00c1ngel Hern\u00e1ndez, y seis testigos de la FGR.<\/p>\n\n\n\n<p>Espinosa revel\u00f3 que Duarte recibi\u00f3 sanciones disciplinarias en 2019, 2020 y 2021.<\/p>\n","protected":false},"excerpt":{"rendered":"<div class=\"mh-excerpt\"><p>El exgobernador de Veracruz, Javier Duarte de Ochoa, deber\u00e1 aguardar m\u00e1s para conocer si obtiene libertad condicional. La juez de Ejecuci\u00f3n Penal, \u00c1ngela Zamorano Herrera, <a class=\"mh-excerpt-more\" href=\"https:\/\/interaccioninformativa.mx\/index.php\/2025\/11\/12\/javier-duarte-posterga-su-posible-liberacion-jueza-difiere-audiencia\/\" title=\"Javier Duarte posterga su posible liberaci\u00f3n; jueza difiere audiencia.\">[&#8230;]<\/a><\/p>\n<\/div>","protected":false},"author":1,"featured_media":1743,"comment_status":"open","ping_status":"closed","sticky":false,"template":"","format":"standard","meta":{"footnotes":""},"categories":[1],"tags":[],"class_list":["post-1742","post","type-post","status-publish","format-standard","has-post-thumbnail","hentry","category-noticias"],"_links":{"self":[{"href":"https:\/\/interaccioninformativa.mx\/index.php\/wp-json\/wp\/v2\/posts\/1742","targetHints":{"allow":["GET"]}}],"collection":[{"href":"https:\/\/interaccioninformativa.mx\/index.php\/wp-json\/wp\/v2\/posts"}],"about":[{"href":"https:\/\/interaccioninformativa.mx\/index.php\/wp-json\/wp\/v2\/types\/post"}],"author":[{"embeddable":true,"href":"https:\/\/interaccioninformativa.mx\/index.php\/wp-json\/wp\/v2\/users\/1"}],"replies":[{"embeddable":true,"href":"https:\/\/interaccioninformativa.mx\/index.php\/wp-json\/wp\/v2\/comments?post=1742"}],"version-history":[{"count":1,"href":"https:\/\/interaccioninformativa.mx\/index.php\/wp-json\/wp\/v2\/posts\/1742\/revisions"}],"predecessor-version":[{"id":1744,"href":"https:\/\/interaccioninformativa.mx\/index.php\/wp-json\/wp\/v2\/posts\/1742\/revisions\/1744"}],"wp:featuredmedia":[{"embeddable":true,"href":"https:\/\/interaccioninformativa.mx\/index.php\/wp-json\/wp\/v2\/media\/1743"}],"wp:attachment":[{"href":"https:\/\/interaccioninformativa.mx\/index.php\/wp-json\/wp\/v2\/media?parent=1742"}],"wp:term":[{"taxonomy":"category","embeddable":true,"href":"https:\/\/interaccioninformativa.mx\/index.php\/wp-json\/wp\/v2\/categories?post=1742"},{"taxonomy":"post_tag","embeddable":true,"href":"https:\/\/interaccioninformativa.mx\/index.php\/wp-json\/wp\/v2\/tags?post=1742"}],"curies":[{"name":"wp","href":"https:\/\/api.w.org\/{rel}","templated":true}]}}