{"id":1752,"date":"2025-11-13T16:55:20","date_gmt":"2025-11-13T16:55:20","guid":{"rendered":"https:\/\/interaccioninformativa.mx\/?p=1752"},"modified":"2025-11-13T16:55:20","modified_gmt":"2025-11-13T16:55:20","slug":"azucena-uresti-acusa-a-norona-de-acoso-y-espionaje-tras-filtracion-de-datos-personales-lo-tilda-de-acumulador-de-mentiras","status":"publish","type":"post","link":"https:\/\/interaccioninformativa.mx\/index.php\/2025\/11\/13\/azucena-uresti-acusa-a-norona-de-acoso-y-espionaje-tras-filtracion-de-datos-personales-lo-tilda-de-acumulador-de-mentiras\/","title":{"rendered":"Azucena Uresti acusa a Noro\u00f1a de acoso y espionaje tras filtraci\u00f3n de datos personales; lo tilda de \u201cacumulador de mentiras\u201d"},"content":{"rendered":"\n<figure class=\"wp-block-image size-large\"><img loading=\"lazy\" decoding=\"async\" width=\"1024\" height=\"620\" src=\"https:\/\/interaccioninformativa.mx\/wp-content\/uploads\/2025\/11\/BVTLB35RBND6TOZLC47O5ITCJQ-1024x620.avif\" alt=\"\" class=\"wp-image-1753\" srcset=\"https:\/\/interaccioninformativa.mx\/wp-content\/uploads\/2025\/11\/BVTLB35RBND6TOZLC47O5ITCJQ-1024x620.avif 1024w, https:\/\/interaccioninformativa.mx\/wp-content\/uploads\/2025\/11\/BVTLB35RBND6TOZLC47O5ITCJQ-300x182.avif 300w, https:\/\/interaccioninformativa.mx\/wp-content\/uploads\/2025\/11\/BVTLB35RBND6TOZLC47O5ITCJQ-768x465.avif 768w, https:\/\/interaccioninformativa.mx\/wp-content\/uploads\/2025\/11\/BVTLB35RBND6TOZLC47O5ITCJQ.avif 1100w\" sizes=\"auto, (max-width: 1024px) 100vw, 1024px\" \/><\/figure>\n\n\n\n<p>La periodista Azucena Uresti denunci\u00f3 este jueves al senador Gerardo Fern\u00e1ndez Noro\u00f1a por presunto acoso y espionaje, luego de que se filtraran datos privados suyos, incluyendo su direcci\u00f3n domiciliaria y n\u00fameros telef\u00f3nicos, en redes sociales afines al morenista.<\/p>\n\n\n\n<p>En su programa radiof\u00f3nico, Uresti revel\u00f3 que la informaci\u00f3n fue difundida por cuentas vinculadas a Noro\u00f1a tras cr\u00edticas que ella hizo a su conducta en el Senado. \u201cEsto no es libertad de expresi\u00f3n, es acoso deliberado y espionaje\u201d, afirm\u00f3.<\/p>\n\n\n\n<p>La conductora present\u00f3 capturas de pantalla donde se exhiben sus datos personales, acompa\u00f1ados de mensajes intimidatorios. Adem\u00e1s, acus\u00f3 a Noro\u00f1a de ser \u201cun acumulador de mentiras\u201d que utiliza la difamaci\u00f3n como herramienta pol\u00edtica.<\/p>\n\n\n\n<p>Uresti anunci\u00f3 acciones legales por violaci\u00f3n a la privacidad y anunci\u00f3 que presentar\u00e1 una denuncia formal ante la Fiscal\u00eda General de la Rep\u00fablica (FGR). Hasta el momento, Fern\u00e1ndez Noro\u00f1a no ha respondido a las acusaciones.<\/p>\n","protected":false},"excerpt":{"rendered":"<div class=\"mh-excerpt\"><p>La periodista Azucena Uresti denunci\u00f3 este jueves al senador Gerardo Fern\u00e1ndez Noro\u00f1a por presunto acoso y espionaje, luego de que se filtraran datos privados suyos, <a class=\"mh-excerpt-more\" href=\"https:\/\/interaccioninformativa.mx\/index.php\/2025\/11\/13\/azucena-uresti-acusa-a-norona-de-acoso-y-espionaje-tras-filtracion-de-datos-personales-lo-tilda-de-acumulador-de-mentiras\/\" title=\"Azucena Uresti acusa a Noro\u00f1a de acoso y espionaje tras filtraci\u00f3n de datos personales; lo tilda de \u201cacumulador de mentiras\u201d\">[&#8230;]<\/a><\/p>\n<\/div>","protected":false},"author":1,"featured_media":1753,"comment_status":"open","ping_status":"closed","sticky":false,"template":"","format":"standard","meta":{"footnotes":""},"categories":[1],"tags":[],"class_list":["post-1752","post","type-post","status-publish","format-standard","has-post-thumbnail","hentry","category-noticias"],"_links":{"self":[{"href":"https:\/\/interaccioninformativa.mx\/index.php\/wp-json\/wp\/v2\/posts\/1752","targetHints":{"allow":["GET"]}}],"collection":[{"href":"https:\/\/interaccioninformativa.mx\/index.php\/wp-json\/wp\/v2\/posts"}],"about":[{"href":"https:\/\/interaccioninformativa.mx\/index.php\/wp-json\/wp\/v2\/types\/post"}],"author":[{"embeddable":true,"href":"https:\/\/interaccioninformativa.mx\/index.php\/wp-json\/wp\/v2\/users\/1"}],"replies":[{"embeddable":true,"href":"https:\/\/interaccioninformativa.mx\/index.php\/wp-json\/wp\/v2\/comments?post=1752"}],"version-history":[{"count":1,"href":"https:\/\/interaccioninformativa.mx\/index.php\/wp-json\/wp\/v2\/posts\/1752\/revisions"}],"predecessor-version":[{"id":1754,"href":"https:\/\/interaccioninformativa.mx\/index.php\/wp-json\/wp\/v2\/posts\/1752\/revisions\/1754"}],"wp:featuredmedia":[{"embeddable":true,"href":"https:\/\/interaccioninformativa.mx\/index.php\/wp-json\/wp\/v2\/media\/1753"}],"wp:attachment":[{"href":"https:\/\/interaccioninformativa.mx\/index.php\/wp-json\/wp\/v2\/media?parent=1752"}],"wp:term":[{"taxonomy":"category","embeddable":true,"href":"https:\/\/interaccioninformativa.mx\/index.php\/wp-json\/wp\/v2\/categories?post=1752"},{"taxonomy":"post_tag","embeddable":true,"href":"https:\/\/interaccioninformativa.mx\/index.php\/wp-json\/wp\/v2\/tags?post=1752"}],"curies":[{"name":"wp","href":"https:\/\/api.w.org\/{rel}","templated":true}]}}