{"id":1755,"date":"2025-11-08T20:40:14","date_gmt":"2025-11-08T20:40:14","guid":{"rendered":"https:\/\/interaccioninformativa.mx\/?p=1755"},"modified":"2025-11-13T20:40:33","modified_gmt":"2025-11-13T20:40:33","slug":"boric-saluda-friamente-a-milei-en-el-cambio-de-mando-de-bolivia","status":"publish","type":"post","link":"https:\/\/interaccioninformativa.mx\/index.php\/2025\/11\/08\/boric-saluda-friamente-a-milei-en-el-cambio-de-mando-de-bolivia\/","title":{"rendered":"Boric saluda fr\u00edamente a Milei en el cambio de mando de Bolivia"},"content":{"rendered":"\n<figure class=\"wp-block-image size-full\"><img loading=\"lazy\" decoding=\"async\" width=\"828\" height=\"466\" src=\"https:\/\/interaccioninformativa.mx\/wp-content\/uploads\/2025\/11\/MPPMWZCMQZJPRF4PNVU55NFUSY.avif\" alt=\"\" class=\"wp-image-1756\" srcset=\"https:\/\/interaccioninformativa.mx\/wp-content\/uploads\/2025\/11\/MPPMWZCMQZJPRF4PNVU55NFUSY.avif 828w, https:\/\/interaccioninformativa.mx\/wp-content\/uploads\/2025\/11\/MPPMWZCMQZJPRF4PNVU55NFUSY-300x169.avif 300w, https:\/\/interaccioninformativa.mx\/wp-content\/uploads\/2025\/11\/MPPMWZCMQZJPRF4PNVU55NFUSY-768x432.avif 768w, https:\/\/interaccioninformativa.mx\/wp-content\/uploads\/2025\/11\/MPPMWZCMQZJPRF4PNVU55NFUSY-678x381.avif 678w\" sizes=\"auto, (max-width: 828px) 100vw, 828px\" \/><\/figure>\n\n\n\n<p>El presidente chileno, Gabriel Boric, ha acudido este s\u00e1bado a la investidura de su hom\u00f3logo de Bolivia, el centroderechista Rodrigo Paz. Cuando ya estaba instalado en las butacas de la Asamblea Legislativa boliviana, en La Paz, acompa\u00f1ado de otros mandatarios latinoamericanos, ingres\u00f3 el jefe de Estado argentino, Javier Milei. Los presidentes de Uruguay, Ecuador, y Paraguay, Yamand\u00fa Orsi, Daniel Noboa y Santiago Pe\u00f1a, respectivamente, saludaron de pie, con un apret\u00f3n de manos e incluso alg\u00fan abrazo al libertario. Boric, sin embargo, permaneci\u00f3 acomodado en su asiento al momento de estrecharse las manos con Milei.<\/p>\n","protected":false},"excerpt":{"rendered":"<div class=\"mh-excerpt\"><p>El presidente chileno, Gabriel Boric, ha acudido este s\u00e1bado a la investidura de su hom\u00f3logo de Bolivia, el centroderechista Rodrigo Paz. Cuando ya estaba instalado <a class=\"mh-excerpt-more\" href=\"https:\/\/interaccioninformativa.mx\/index.php\/2025\/11\/08\/boric-saluda-friamente-a-milei-en-el-cambio-de-mando-de-bolivia\/\" title=\"Boric saluda fr\u00edamente a Milei en el cambio de mando de Bolivia\">[&#8230;]<\/a><\/p>\n<\/div>","protected":false},"author":1,"featured_media":1756,"comment_status":"open","ping_status":"closed","sticky":false,"template":"","format":"standard","meta":{"footnotes":""},"categories":[1],"tags":[],"class_list":["post-1755","post","type-post","status-publish","format-standard","has-post-thumbnail","hentry","category-noticias"],"_links":{"self":[{"href":"https:\/\/interaccioninformativa.mx\/index.php\/wp-json\/wp\/v2\/posts\/1755","targetHints":{"allow":["GET"]}}],"collection":[{"href":"https:\/\/interaccioninformativa.mx\/index.php\/wp-json\/wp\/v2\/posts"}],"about":[{"href":"https:\/\/interaccioninformativa.mx\/index.php\/wp-json\/wp\/v2\/types\/post"}],"author":[{"embeddable":true,"href":"https:\/\/interaccioninformativa.mx\/index.php\/wp-json\/wp\/v2\/users\/1"}],"replies":[{"embeddable":true,"href":"https:\/\/interaccioninformativa.mx\/index.php\/wp-json\/wp\/v2\/comments?post=1755"}],"version-history":[{"count":1,"href":"https:\/\/interaccioninformativa.mx\/index.php\/wp-json\/wp\/v2\/posts\/1755\/revisions"}],"predecessor-version":[{"id":1757,"href":"https:\/\/interaccioninformativa.mx\/index.php\/wp-json\/wp\/v2\/posts\/1755\/revisions\/1757"}],"wp:featuredmedia":[{"embeddable":true,"href":"https:\/\/interaccioninformativa.mx\/index.php\/wp-json\/wp\/v2\/media\/1756"}],"wp:attachment":[{"href":"https:\/\/interaccioninformativa.mx\/index.php\/wp-json\/wp\/v2\/media?parent=1755"}],"wp:term":[{"taxonomy":"category","embeddable":true,"href":"https:\/\/interaccioninformativa.mx\/index.php\/wp-json\/wp\/v2\/categories?post=1755"},{"taxonomy":"post_tag","embeddable":true,"href":"https:\/\/interaccioninformativa.mx\/index.php\/wp-json\/wp\/v2\/tags?post=1755"}],"curies":[{"name":"wp","href":"https:\/\/api.w.org\/{rel}","templated":true}]}}