{"id":1762,"date":"2025-11-14T16:26:21","date_gmt":"2025-11-14T16:26:21","guid":{"rendered":"https:\/\/interaccioninformativa.mx\/?p=1762"},"modified":"2025-11-14T16:26:21","modified_gmt":"2025-11-14T16:26:21","slug":"tribunal-dicta-fallo-en-contra-de-grupo-salinas-obligado-a-pagar-1-800-millones-de-dolares-en-impuestos","status":"publish","type":"post","link":"https:\/\/interaccioninformativa.mx\/index.php\/2025\/11\/14\/tribunal-dicta-fallo-en-contra-de-grupo-salinas-obligado-a-pagar-1-800-millones-de-dolares-en-impuestos\/","title":{"rendered":"Tribunal dicta fallo en contra de Grupo Salinas: obligado a pagar 1.800 millones de d\u00f3lares en impuestos"},"content":{"rendered":"\n<figure class=\"wp-block-image size-large\"><img loading=\"lazy\" decoding=\"async\" width=\"1024\" height=\"576\" src=\"https:\/\/interaccioninformativa.mx\/wp-content\/uploads\/2025\/11\/gettyimages-2200005894-1024x576.jpg\" alt=\"\" class=\"wp-image-1763\" srcset=\"https:\/\/interaccioninformativa.mx\/wp-content\/uploads\/2025\/11\/gettyimages-2200005894-1024x576.jpg 1024w, https:\/\/interaccioninformativa.mx\/wp-content\/uploads\/2025\/11\/gettyimages-2200005894-300x169.jpg 300w, https:\/\/interaccioninformativa.mx\/wp-content\/uploads\/2025\/11\/gettyimages-2200005894-768x432.jpg 768w, https:\/\/interaccioninformativa.mx\/wp-content\/uploads\/2025\/11\/gettyimages-2200005894-678x381.jpg 678w, https:\/\/interaccioninformativa.mx\/wp-content\/uploads\/2025\/11\/gettyimages-2200005894.jpg 1280w\" sizes=\"auto, (max-width: 1024px) 100vw, 1024px\" \/><\/figure>\n\n\n\n<p>La Suprema Corte de Justicia de la Naci\u00f3n (SCJN) de M\u00e9xico resolvi\u00f3 de manera definitiva que la cadena de tiendas Elektra, propiedad del empresario Ricardo Salinas Pliego, debe liquidar un adeudo fiscal de aproximadamente <strong>1.800 millones de d\u00f3lares<\/strong> (equivalentes a unos 38.000 millones de pesos al tipo de cambio actual) correspondiente al <strong>Impuesto Sobre la Renta (ISR)<\/strong> del ejercicio fiscal de 2013, no al Impuesto Sobre Salarios como se hab\u00eda mencionado inicialmente.<\/p>\n\n\n\n<p>La controversia se origin\u00f3 cuando el Servicio de Administraci\u00f3n Tributaria (SAT) determin\u00f3 cr\u00e9ditos fiscales contra Elektra por maniobras contables que, seg\u00fan la autoridad, permitieron a la empresa diferir indebidamente el pago de impuestos mediante la creaci\u00f3n de sociedades dedicadas a la compra-venta de acciones, lo que fue calificado como una simulaci\u00f3n fiscal.<\/p>\n\n\n\n<p>Elektra interpuso un <strong>juicio de amparo<\/strong> ante el Poder Judicial Federal, argumentando que el cobro era improcedente y violaba sus derechos constitucionales. Tras un largo litigio que escal\u00f3 hasta la Segunda Sala de la SCJN, los ministros confirmaron la validez del cr\u00e9dito fiscal determinado por el SAT, desechando los argumentos de la empresa.<\/p>\n\n\n\n<p>En respuesta al fallo, <strong>Grupo Salinas<\/strong>, holding al que pertenece Elektra, emiti\u00f3 un comunicado en el que califica la resoluci\u00f3n como \u201cinjusta y arbitraria\u201d. La empresa anunci\u00f3 que agotar\u00e1 todas las instancias legales disponibles, incluyendo la posibilidad de apelar ante tribunales internacionales, y acus\u00f3 al SAT de actuar con motivaciones pol\u00edticas.<\/p>\n\n\n\n<p>Este caso forma parte de una serie de disputas fiscales entre el gobierno federal y el conglomerado de Salinas Pliego, que en los \u00faltimos a\u00f1os ha acumulado adeudos por m\u00e1s de <strong>63.000 millones de pesos<\/strong> seg\u00fan cifras oficiales. Analistas estiman que el pago de esta cantidad podr\u00eda impactar significativamente la liquidez del grupo, aunque Elektra sostiene que cuenta con reservas suficientes para hacer frente a la obligaci\u00f3n sin afectar sus operaciones.<\/p>\n","protected":false},"excerpt":{"rendered":"<div class=\"mh-excerpt\"><p>La Suprema Corte de Justicia de la Naci\u00f3n (SCJN) de M\u00e9xico resolvi\u00f3 de manera definitiva que la cadena de tiendas Elektra, propiedad del empresario Ricardo <a class=\"mh-excerpt-more\" href=\"https:\/\/interaccioninformativa.mx\/index.php\/2025\/11\/14\/tribunal-dicta-fallo-en-contra-de-grupo-salinas-obligado-a-pagar-1-800-millones-de-dolares-en-impuestos\/\" title=\"Tribunal dicta fallo en contra de Grupo Salinas: obligado a pagar 1.800 millones de d\u00f3lares en impuestos\">[&#8230;]<\/a><\/p>\n<\/div>","protected":false},"author":1,"featured_media":1763,"comment_status":"open","ping_status":"closed","sticky":false,"template":"","format":"standard","meta":{"footnotes":""},"categories":[1],"tags":[],"class_list":["post-1762","post","type-post","status-publish","format-standard","has-post-thumbnail","hentry","category-noticias"],"_links":{"self":[{"href":"https:\/\/interaccioninformativa.mx\/index.php\/wp-json\/wp\/v2\/posts\/1762","targetHints":{"allow":["GET"]}}],"collection":[{"href":"https:\/\/interaccioninformativa.mx\/index.php\/wp-json\/wp\/v2\/posts"}],"about":[{"href":"https:\/\/interaccioninformativa.mx\/index.php\/wp-json\/wp\/v2\/types\/post"}],"author":[{"embeddable":true,"href":"https:\/\/interaccioninformativa.mx\/index.php\/wp-json\/wp\/v2\/users\/1"}],"replies":[{"embeddable":true,"href":"https:\/\/interaccioninformativa.mx\/index.php\/wp-json\/wp\/v2\/comments?post=1762"}],"version-history":[{"count":1,"href":"https:\/\/interaccioninformativa.mx\/index.php\/wp-json\/wp\/v2\/posts\/1762\/revisions"}],"predecessor-version":[{"id":1764,"href":"https:\/\/interaccioninformativa.mx\/index.php\/wp-json\/wp\/v2\/posts\/1762\/revisions\/1764"}],"wp:featuredmedia":[{"embeddable":true,"href":"https:\/\/interaccioninformativa.mx\/index.php\/wp-json\/wp\/v2\/media\/1763"}],"wp:attachment":[{"href":"https:\/\/interaccioninformativa.mx\/index.php\/wp-json\/wp\/v2\/media?parent=1762"}],"wp:term":[{"taxonomy":"category","embeddable":true,"href":"https:\/\/interaccioninformativa.mx\/index.php\/wp-json\/wp\/v2\/categories?post=1762"},{"taxonomy":"post_tag","embeddable":true,"href":"https:\/\/interaccioninformativa.mx\/index.php\/wp-json\/wp\/v2\/tags?post=1762"}],"curies":[{"name":"wp","href":"https:\/\/api.w.org\/{rel}","templated":true}]}}