{"id":1765,"date":"2025-11-14T16:28:30","date_gmt":"2025-11-14T16:28:30","guid":{"rendered":"https:\/\/interaccioninformativa.mx\/?p=1765"},"modified":"2025-11-14T16:28:30","modified_gmt":"2025-11-14T16:28:30","slug":"confirmacion-de-ejecuciones-adicionales-en-el-caso-del-asesinato-del-alcalde-carlos-manzo-dos-implicados-mas-son-silenciados-en-michoacan","status":"publish","type":"post","link":"https:\/\/interaccioninformativa.mx\/index.php\/2025\/11\/14\/confirmacion-de-ejecuciones-adicionales-en-el-caso-del-asesinato-del-alcalde-carlos-manzo-dos-implicados-mas-son-silenciados-en-michoacan\/","title":{"rendered":"Confirmaci\u00f3n de ejecuciones adicionales en el caso del asesinato del alcalde Carlos Manzo: Dos implicados m\u00e1s son silenciados en Michoac\u00e1n"},"content":{"rendered":"\n<figure class=\"wp-block-image size-large\"><img loading=\"lazy\" decoding=\"async\" width=\"1024\" height=\"540\" src=\"https:\/\/interaccioninformativa.mx\/wp-content\/uploads\/2025\/11\/carlos-manzo-6-1024x540.jpg\" alt=\"\" class=\"wp-image-1766\" srcset=\"https:\/\/interaccioninformativa.mx\/wp-content\/uploads\/2025\/11\/carlos-manzo-6-1024x540.jpg 1024w, https:\/\/interaccioninformativa.mx\/wp-content\/uploads\/2025\/11\/carlos-manzo-6-300x158.jpg 300w, https:\/\/interaccioninformativa.mx\/wp-content\/uploads\/2025\/11\/carlos-manzo-6-768x405.jpg 768w, https:\/\/interaccioninformativa.mx\/wp-content\/uploads\/2025\/11\/carlos-manzo-6.jpg 1200w\" sizes=\"auto, (max-width: 1024px) 100vw, 1024px\" \/><\/figure>\n\n\n\n<p>En un desarrollo que profundiza la complejidad y la violencia inherente al crimen organizado en Michoac\u00e1n, el gobernador Alfredo Ram\u00edrez Bedolla confirm\u00f3 este jueves 14 de noviembre de 2025 que dos presuntos implicados adicionales en el asesinato del alcalde de Uruapan, Carlos Manzo Rodr\u00edguez, fueron ejecutados de manera violenta. Los cuerpos de estos individuos fueron hallados el lunes 10 de noviembre a un costado de la carretera Uruapan-Paracho, en el municipio de Cap\u00e1cuaro, lo que eleva a tres el n\u00famero de personas vinculadas al homicidio que han sido eliminadas en menos de dos semanas.<\/p>\n\n\n\n<p>El crimen contra Manzo ocurri\u00f3 la noche del 1 de noviembre, durante las celebraciones del D\u00eda de Muertos en la plaza principal de Uruapan, un evento emblem\u00e1tico conocido como el Festival de las Velas. El alcalde, quien asumi\u00f3 el cargo en septiembre de 2024 como candidato de Morena y aliado de la izquierda local, fue atacado a balazos en un acto que conmocion\u00f3 a la regi\u00f3n aguacatera, famosa por su producci\u00f3n de exportaci\u00f3n pero tambi\u00e9n por su historia de disputas entre carteles como el C\u00e1rtel Jalisco Nueva Generaci\u00f3n (CJNG) y La Familia Michoacana. Seg\u00fan testigos y reportes iniciales, el agresor principal, identificado como Miguel \u00c1ngel Ubaldo Vidales, de apenas 17 a\u00f1os y originario de Paracho, irrumpi\u00f3 en la escena p\u00fablica y dispar\u00f3 directamente contra Manzo, quien falleci\u00f3 en el lugar pese a los esfuerzos de auxilio inmediato.<\/p>\n\n\n\n<p>Ubaldo Vidales fue abatido esa misma noche por elementos de la polic\u00eda municipal que fung\u00edan como escoltas del alcalde. Sin embargo, investigaciones preliminares de la Fiscal\u00eda General del Estado (FGE) de Michoac\u00e1n revelan que el menor ya hab\u00eda sido sometido y detenido en flagrancia cuando recibi\u00f3 el disparo fatal, lo que ha generado cuestionamientos sobre la actuaci\u00f3n de las fuerzas de seguridad. \u00abEl homicida fue abatido cuando ya estaba sometido\u00bb, detall\u00f3 Ram\u00edrez Bedolla en su conferencia de prensa matutina, subrayando la necesidad de esclarecer si se trat\u00f3 de una ejecuci\u00f3n extrajudicial o un error en el protocolo de detenci\u00f3n.<\/p>\n\n\n\n<p>Los dos nuevos implicados, cuyos cuerpos mostraban signos de ejecuci\u00f3n \u2014con impactos de bala a quemarropa y posibles signos de tortura\u2014, fueron identificados por la FGE como c\u00f3mplices directos que acompa\u00f1aban a Ubaldo Vidales durante el atentado. Uno de ellos, de tan solo 16 a\u00f1os, representa el segundo menor de edad involucrado y ejecutado en este caso, lo que resalta el alarmante reclutamiento de adolescentes por parte de grupos criminales en la zona. \u00abLo que s\u00ed confirma la Fiscal\u00eda es que participaron otras dos personas que acompa\u00f1aban al homicida, y estas personas son los dos que aparecieron en Cap\u00e1cuaro muertos, y son tambi\u00e9n los que participaron en el homicidio\u00bb, afirm\u00f3 el gobernador, citando evidencias como testimonios, videos de vigilancia y an\u00e1lisis bal\u00edsticos que vinculan sus veh\u00edculos y armamento con la escena del crimen.<\/p>\n\n\n\n<p>La confirmaci\u00f3n de estas ejecuciones fue validada no solo por la FGE, sino tambi\u00e9n por el secretario de Seguridad y Protecci\u00f3n Ciudadana federal, Omar Garc\u00eda Harfuch, quien particip\u00f3 en una reuni\u00f3n de alto nivel con Ram\u00edrez Bedolla y representantes del Gabinete de Seguridad. En este encuentro, tambi\u00e9n se sumaron la alcaldesa interina de Uruapan, Grecia Quiroz \u2014viuda de Carlos Manzo y quien asumi\u00f3 el cargo de manera provisional\u2014 y l\u00edderes del sector aguacatero, afectados por la extorsi\u00f3n y los bloqueos que han paralizado la econom\u00eda local. El gobierno federal se comprometi\u00f3 a reforzar el \u00abPlan Michoac\u00e1n\u00bb, un esquema de inteligencia y despliegue que incluye mayor presencia de la Guardia Nacional, con \u00e9nfasis en la protecci\u00f3n de funcionarios p\u00fablicos y la desarticulaci\u00f3n de redes de reclutamiento infantil.<\/p>\n\n\n\n<p>Ram\u00edrez Bedolla enfatiz\u00f3 que las l\u00edneas de investigaci\u00f3n permanecen abiertas en m\u00faltiples frentes. Entre ellas, destaca el escrutinio a la actuaci\u00f3n de los escoltas de Manzo: el alcalde contaba con un esquema robusto de ocho guardaespaldas personales \u2014seleccionados directamente por \u00e9l\u2014 y 14 elementos de la Guardia Nacional, pero el gobernador cuestion\u00f3 \u00abqu\u00e9 fue lo que ocurri\u00f3 para que se distrajera o flexibilizara su c\u00edrculo de seguridad\u00bb en el momento del ataque. Otras hip\u00f3tesis incluyen posibles filtraciones internas, motivaciones pol\u00edticas \u2014dado el perfil izquierdista de Manzo, quien era visto como un reformista en un basti\u00f3n de disputas partidistas\u2014 y el rol de la extorsi\u00f3n a productores de aguacate, un sector que genera miles de empleos pero que ha sido blanco recurrente de cobros de piso.<\/p>\n\n\n\n<p>Este triple homicidio de implicados sugiere un ajuste de cuentas interno entre facciones criminales, posiblemente para eliminar testigos o enviar un mensaje de control territorial. Analistas de seguridad estiman que el asesinato de Manzo podr\u00eda estar ligado a su postura firme contra la narcopol\u00edtica en Uruapan, una ciudad con historial de violencia extrema: en 2019, por ejemplo, colgaron cuerpos de rivales en puentes como advertencia. La ejecuci\u00f3n de menores como Ubaldo Vidales y su c\u00f3mplice de 16 a\u00f1os subraya una crisis humanitaria, con organizaciones como la Comisi\u00f3n Interamericana de Derechos Humanos (CIDH) alertando sobre el uso de ni\u00f1os soldados en M\u00e9xico, donde m\u00e1s de 30.000 menores han sido reclutados por el crimen organizado en la \u00faltima d\u00e9cada.<\/p>\n\n\n\n<p>En respuesta, el gobierno estatal anunci\u00f3 medidas inmediatas: un aumento en patrullajes en carreteras clave como Uruapan-Paracho, programas de rehabilitaci\u00f3n para j\u00f3venes en riesgo y una auditor\u00eda a los protocolos de escolta para alcaldes en zonas de alto riesgo. \u00abNo permitiremos que la impunidad prevalezca; este caso ser\u00e1 resuelto con todo el peso de la ley y la colaboraci\u00f3n federal\u00bb, concluy\u00f3 Ram\u00edrez Bedolla, mientras la viuda de Manzo, Grecia Quiroz, llam\u00f3 a la unidad ciudadana para honrar el legado de su esposo, enfocado en el desarrollo social y la erradicaci\u00f3n de la corrupci\u00f3n.<\/p>\n\n\n\n<p>Este episodio agrava la inseguridad en Michoac\u00e1n, un estado que en 2025 ha registrado un incremento del 15% en homicidios relacionados con el narco, seg\u00fan datos preliminares del Secretariado Ejecutivo del Sistema Nacional de Seguridad P\u00fablica. La sociedad civil y los productores aguacateros exigen resultados concretos, temiendo que el vac\u00edo de poder en Uruapan propicie m\u00e1s violencia en la temporada de cosecha. Mientras tanto, la investigaci\u00f3n contin\u00faa, con la esperanza de que la justicia no sea silenciada como sus principales testigos.<\/p>\n","protected":false},"excerpt":{"rendered":"<div class=\"mh-excerpt\"><p>En un desarrollo que profundiza la complejidad y la violencia inherente al crimen organizado en Michoac\u00e1n, el gobernador Alfredo Ram\u00edrez Bedolla confirm\u00f3 este jueves 14 <a class=\"mh-excerpt-more\" href=\"https:\/\/interaccioninformativa.mx\/index.php\/2025\/11\/14\/confirmacion-de-ejecuciones-adicionales-en-el-caso-del-asesinato-del-alcalde-carlos-manzo-dos-implicados-mas-son-silenciados-en-michoacan\/\" title=\"Confirmaci\u00f3n de ejecuciones adicionales en el caso del asesinato del alcalde Carlos Manzo: Dos implicados m\u00e1s son silenciados en Michoac\u00e1n\">[&#8230;]<\/a><\/p>\n<\/div>","protected":false},"author":1,"featured_media":1766,"comment_status":"open","ping_status":"closed","sticky":false,"template":"","format":"standard","meta":{"footnotes":""},"categories":[1],"tags":[],"class_list":["post-1765","post","type-post","status-publish","format-standard","has-post-thumbnail","hentry","category-noticias"],"_links":{"self":[{"href":"https:\/\/interaccioninformativa.mx\/index.php\/wp-json\/wp\/v2\/posts\/1765","targetHints":{"allow":["GET"]}}],"collection":[{"href":"https:\/\/interaccioninformativa.mx\/index.php\/wp-json\/wp\/v2\/posts"}],"about":[{"href":"https:\/\/interaccioninformativa.mx\/index.php\/wp-json\/wp\/v2\/types\/post"}],"author":[{"embeddable":true,"href":"https:\/\/interaccioninformativa.mx\/index.php\/wp-json\/wp\/v2\/users\/1"}],"replies":[{"embeddable":true,"href":"https:\/\/interaccioninformativa.mx\/index.php\/wp-json\/wp\/v2\/comments?post=1765"}],"version-history":[{"count":1,"href":"https:\/\/interaccioninformativa.mx\/index.php\/wp-json\/wp\/v2\/posts\/1765\/revisions"}],"predecessor-version":[{"id":1767,"href":"https:\/\/interaccioninformativa.mx\/index.php\/wp-json\/wp\/v2\/posts\/1765\/revisions\/1767"}],"wp:featuredmedia":[{"embeddable":true,"href":"https:\/\/interaccioninformativa.mx\/index.php\/wp-json\/wp\/v2\/media\/1766"}],"wp:attachment":[{"href":"https:\/\/interaccioninformativa.mx\/index.php\/wp-json\/wp\/v2\/media?parent=1765"}],"wp:term":[{"taxonomy":"category","embeddable":true,"href":"https:\/\/interaccioninformativa.mx\/index.php\/wp-json\/wp\/v2\/categories?post=1765"},{"taxonomy":"post_tag","embeddable":true,"href":"https:\/\/interaccioninformativa.mx\/index.php\/wp-json\/wp\/v2\/tags?post=1765"}],"curies":[{"name":"wp","href":"https:\/\/api.w.org\/{rel}","templated":true}]}}